{"id":47257,"date":"2024-07-06T11:47:36","date_gmt":"2024-07-06T11:47:36","guid":{"rendered":"https:\/\/collies-vom-floersbachtal.de\/?p=47257"},"modified":"2024-07-08T10:14:10","modified_gmt":"2024-07-08T10:14:10","slug":"happy-birthday-zu-eurem-2-burzeltag-wuenschen-wir-heute-den-am-06-07-2022-ersten-3-kruemeln-aus-unserem-k-wurf-kira-kaya-bonny-und-kenai-easy-d-habt-einen-tollen-tag-lasst-euch-verwoehnen-un","status":"publish","type":"post","link":"https:\/\/collies-vom-floersbachtal.de\/?p=47257","title":{"rendered":"Happy Birthday zu eurem 2. Burzeltag w\u00fcnschen wir heute den am 06.07.2022  ersten 3 Kr\u00fcmeln aus unserem K-Wurf : Kira, Kaya-Bonny und Kenai-Easy.  :-D Habt einen tollen Tag, la\u00dft euch verw\u00f6hnen und reichlich beschenken. Euren 7 Geschwistern Kanisha, Krystal-Lous, King Snow Gandy, Kowi-Keanu, Kinari, Kasy und Koko , die am 07.07.2022 geboren wurden, w\u00fcnschen wir morgen zu ihrem 2. Burzeltag alles Gute. Bleibt alle sch\u00f6n gesund und genie\u00dft eure Familien. :-P"},"content":{"rendered":"\n<h2 class=\"wp-block-heading\"><\/h2>\n\n\n\n<figure class=\"wp-block-image size-full\"><a href=\"https:\/\/collies-vom-floersbachtal.de\/cms\/wp-content\/uploads\/2024\/07\/Geburtstagsstrauss1.jpg\"><img loading=\"lazy\" decoding=\"async\" width=\"500\" height=\"650\" src=\"https:\/\/collies-vom-floersbachtal.de\/cms\/wp-content\/uploads\/2024\/07\/Geburtstagsstrauss1.jpg\" alt=\"\" class=\"wp-image-47258\" srcset=\"https:\/\/collies-vom-floersbachtal.de\/cms\/wp-content\/uploads\/2024\/07\/Geburtstagsstrauss1.jpg 500w, https:\/\/collies-vom-floersbachtal.de\/cms\/wp-content\/uploads\/2024\/07\/Geburtstagsstrauss1-231x300.jpg 231w\" sizes=\"auto, (max-width: 500px) 100vw, 500px\" \/><\/a><\/figure>\n\n\n\n<figure class=\"wp-block-gallery has-nested-images columns-default is-cropped wp-block-gallery-1 is-layout-flex wp-block-gallery-is-layout-flex\">\n<figure class=\"wp-block-image size-large is-style-rounded\"><a href=\"https:\/\/collies-vom-floersbachtal.de\/cms\/wp-content\/uploads\/2024\/07\/Taras-1.-Wurf5-06.-07.07.2022.jpg\"><img loading=\"lazy\" decoding=\"async\" width=\"577\" height=\"1024\" data-id=\"47259\" src=\"https:\/\/collies-vom-floersbachtal.de\/cms\/wp-content\/uploads\/2024\/07\/Taras-1.-Wurf5-06.-07.07.2022-577x1024.jpg\" alt=\"\" class=\"wp-image-47259\" srcset=\"https:\/\/collies-vom-floersbachtal.de\/cms\/wp-content\/uploads\/2024\/07\/Taras-1.-Wurf5-06.-07.07.2022-577x1024.jpg 577w, https:\/\/collies-vom-floersbachtal.de\/cms\/wp-content\/uploads\/2024\/07\/Taras-1.-Wurf5-06.-07.07.2022-169x300.jpg 169w, https:\/\/collies-vom-floersbachtal.de\/cms\/wp-content\/uploads\/2024\/07\/Taras-1.-Wurf5-06.-07.07.2022-768x1364.jpg 768w, https:\/\/collies-vom-floersbachtal.de\/cms\/wp-content\/uploads\/2024\/07\/Taras-1.-Wurf5-06.-07.07.2022-865x1536.jpg 865w, https:\/\/collies-vom-floersbachtal.de\/cms\/wp-content\/uploads\/2024\/07\/Taras-1.-Wurf5-06.-07.07.2022.jpg 1000w\" sizes=\"auto, (max-width: 577px) 100vw, 577px\" \/><\/a><\/figure>\n<\/figure>\n\n\n\n<figure class=\"wp-block-gallery has-nested-images columns-default is-cropped wp-block-gallery-2 is-layout-flex wp-block-gallery-is-layout-flex\">\n<figure class=\"wp-block-image size-large\"><a href=\"https:\/\/collies-vom-floersbachtal.de\/cms\/wp-content\/uploads\/2024\/07\/Alle10-am-01.09.22-1.jpg\"><img loading=\"lazy\" decoding=\"async\" width=\"1000\" height=\"284\" data-id=\"47260\" src=\"https:\/\/collies-vom-floersbachtal.de\/cms\/wp-content\/uploads\/2024\/07\/Alle10-am-01.09.22-1.jpg\" alt=\"\" class=\"wp-image-47260\" srcset=\"https:\/\/collies-vom-floersbachtal.de\/cms\/wp-content\/uploads\/2024\/07\/Alle10-am-01.09.22-1.jpg 1000w, https:\/\/collies-vom-floersbachtal.de\/cms\/wp-content\/uploads\/2024\/07\/Alle10-am-01.09.22-1-300x85.jpg 300w, https:\/\/collies-vom-floersbachtal.de\/cms\/wp-content\/uploads\/2024\/07\/Alle10-am-01.09.22-1-768x218.jpg 768w\" sizes=\"auto, (max-width: 1000px) 100vw, 1000px\" \/><\/a><\/figure>\n<\/figure>\n\n\n\n<figure class=\"wp-block-gallery has-nested-images columns-default is-cropped wp-block-gallery-3 is-layout-flex wp-block-gallery-is-layout-flex\">\n<figure class=\"wp-block-image size-large\"><a href=\"https:\/\/collies-vom-floersbachtal.de\/cms\/wp-content\/uploads\/2024\/07\/Kacy-und-Snow1-Kopie.jpg\"><img loading=\"lazy\" decoding=\"async\" width=\"1000\" height=\"665\" data-id=\"47262\" src=\"https:\/\/collies-vom-floersbachtal.de\/cms\/wp-content\/uploads\/2024\/07\/Kacy-und-Snow1-Kopie.jpg\" alt=\"\" class=\"wp-image-47262\" srcset=\"https:\/\/collies-vom-floersbachtal.de\/cms\/wp-content\/uploads\/2024\/07\/Kacy-und-Snow1-Kopie.jpg 1000w, https:\/\/collies-vom-floersbachtal.de\/cms\/wp-content\/uploads\/2024\/07\/Kacy-und-Snow1-Kopie-300x200.jpg 300w, https:\/\/collies-vom-floersbachtal.de\/cms\/wp-content\/uploads\/2024\/07\/Kacy-und-Snow1-Kopie-768x511.jpg 768w\" sizes=\"auto, (max-width: 1000px) 100vw, 1000px\" \/><\/a><\/figure>\n\n\n\n<figure class=\"wp-block-image size-large\"><a href=\"https:\/\/collies-vom-floersbachtal.de\/cms\/wp-content\/uploads\/2024\/07\/Alle-K-chens1-mit-75-Wochen-Kopie.jpg\"><img loading=\"lazy\" decoding=\"async\" width=\"1000\" height=\"274\" data-id=\"47263\" src=\"https:\/\/collies-vom-floersbachtal.de\/cms\/wp-content\/uploads\/2024\/07\/Alle-K-chens1-mit-75-Wochen-Kopie.jpg\" alt=\"\" class=\"wp-image-47263\" srcset=\"https:\/\/collies-vom-floersbachtal.de\/cms\/wp-content\/uploads\/2024\/07\/Alle-K-chens1-mit-75-Wochen-Kopie.jpg 1000w, https:\/\/collies-vom-floersbachtal.de\/cms\/wp-content\/uploads\/2024\/07\/Alle-K-chens1-mit-75-Wochen-Kopie-300x82.jpg 300w, https:\/\/collies-vom-floersbachtal.de\/cms\/wp-content\/uploads\/2024\/07\/Alle-K-chens1-mit-75-Wochen-Kopie-768x210.jpg 768w\" sizes=\"auto, (max-width: 1000px) 100vw, 1000px\" \/><\/a><\/figure>\n\n\n\n<figure class=\"wp-block-image size-large\"><a href=\"https:\/\/collies-vom-floersbachtal.de\/cms\/wp-content\/uploads\/2024\/07\/Alle1-mit-7-Wochen-Kopie.jpg\"><img loading=\"lazy\" decoding=\"async\" width=\"1000\" height=\"667\" data-id=\"47265\" src=\"https:\/\/collies-vom-floersbachtal.de\/cms\/wp-content\/uploads\/2024\/07\/Alle1-mit-7-Wochen-Kopie.jpg\" alt=\"\" class=\"wp-image-47265\" srcset=\"https:\/\/collies-vom-floersbachtal.de\/cms\/wp-content\/uploads\/2024\/07\/Alle1-mit-7-Wochen-Kopie.jpg 1000w, https:\/\/collies-vom-floersbachtal.de\/cms\/wp-content\/uploads\/2024\/07\/Alle1-mit-7-Wochen-Kopie-300x200.jpg 300w, https:\/\/collies-vom-floersbachtal.de\/cms\/wp-content\/uploads\/2024\/07\/Alle1-mit-7-Wochen-Kopie-768x512.jpg 768w\" sizes=\"auto, (max-width: 1000px) 100vw, 1000px\" \/><\/a><\/figure>\n\n\n\n<figure class=\"wp-block-image size-large\"><a href=\"https:\/\/collies-vom-floersbachtal.de\/cms\/wp-content\/uploads\/2024\/07\/Alle6-mit-7-Wochen-Kopie.jpg\"><img loading=\"lazy\" decoding=\"async\" width=\"1000\" height=\"667\" data-id=\"47267\" src=\"https:\/\/collies-vom-floersbachtal.de\/cms\/wp-content\/uploads\/2024\/07\/Alle6-mit-7-Wochen-Kopie.jpg\" alt=\"\" class=\"wp-image-47267\" srcset=\"https:\/\/collies-vom-floersbachtal.de\/cms\/wp-content\/uploads\/2024\/07\/Alle6-mit-7-Wochen-Kopie.jpg 1000w, https:\/\/collies-vom-floersbachtal.de\/cms\/wp-content\/uploads\/2024\/07\/Alle6-mit-7-Wochen-Kopie-300x200.jpg 300w, https:\/\/collies-vom-floersbachtal.de\/cms\/wp-content\/uploads\/2024\/07\/Alle6-mit-7-Wochen-Kopie-768x512.jpg 768w\" sizes=\"auto, (max-width: 1000px) 100vw, 1000px\" \/><\/a><\/figure>\n\n\n\n<figure class=\"wp-block-image size-large\"><a href=\"https:\/\/collies-vom-floersbachtal.de\/cms\/wp-content\/uploads\/2024\/07\/Kacy-und-kanisha2-Kopie.jpg\"><img loading=\"lazy\" decoding=\"async\" width=\"1000\" height=\"667\" data-id=\"47264\" src=\"https:\/\/collies-vom-floersbachtal.de\/cms\/wp-content\/uploads\/2024\/07\/Kacy-und-kanisha2-Kopie.jpg\" alt=\"\" class=\"wp-image-47264\" srcset=\"https:\/\/collies-vom-floersbachtal.de\/cms\/wp-content\/uploads\/2024\/07\/Kacy-und-kanisha2-Kopie.jpg 1000w, https:\/\/collies-vom-floersbachtal.de\/cms\/wp-content\/uploads\/2024\/07\/Kacy-und-kanisha2-Kopie-300x200.jpg 300w, https:\/\/collies-vom-floersbachtal.de\/cms\/wp-content\/uploads\/2024\/07\/Kacy-und-kanisha2-Kopie-768x512.jpg 768w\" sizes=\"auto, (max-width: 1000px) 100vw, 1000px\" \/><\/a><\/figure>\n\n\n\n<figure class=\"wp-block-image size-large\"><a href=\"https:\/\/collies-vom-floersbachtal.de\/cms\/wp-content\/uploads\/2024\/07\/Kacy-und-Kowi1-Kopie.jpg\"><img loading=\"lazy\" decoding=\"async\" width=\"1000\" height=\"666\" data-id=\"47266\" src=\"https:\/\/collies-vom-floersbachtal.de\/cms\/wp-content\/uploads\/2024\/07\/Kacy-und-Kowi1-Kopie.jpg\" alt=\"\" class=\"wp-image-47266\" srcset=\"https:\/\/collies-vom-floersbachtal.de\/cms\/wp-content\/uploads\/2024\/07\/Kacy-und-Kowi1-Kopie.jpg 1000w, https:\/\/collies-vom-floersbachtal.de\/cms\/wp-content\/uploads\/2024\/07\/Kacy-und-Kowi1-Kopie-300x200.jpg 300w, https:\/\/collies-vom-floersbachtal.de\/cms\/wp-content\/uploads\/2024\/07\/Kacy-und-Kowi1-Kopie-768x511.jpg 768w\" sizes=\"auto, (max-width: 1000px) 100vw, 1000px\" \/><\/a><\/figure>\n<\/figure>\n\n\n\n<figure class=\"wp-block-gallery has-nested-images columns-default is-cropped wp-block-gallery-4 is-layout-flex wp-block-gallery-is-layout-flex\">\n<figure class=\"wp-block-image size-large\"><a href=\"https:\/\/collies-vom-floersbachtal.de\/cms\/wp-content\/uploads\/2024\/07\/Snow1.jpg\"><img loading=\"lazy\" decoding=\"async\" width=\"1000\" height=\"667\" data-id=\"47268\" src=\"https:\/\/collies-vom-floersbachtal.de\/cms\/wp-content\/uploads\/2024\/07\/Snow1.jpg\" alt=\"\" class=\"wp-image-47268\" srcset=\"https:\/\/collies-vom-floersbachtal.de\/cms\/wp-content\/uploads\/2024\/07\/Snow1.jpg 1000w, https:\/\/collies-vom-floersbachtal.de\/cms\/wp-content\/uploads\/2024\/07\/Snow1-300x200.jpg 300w, https:\/\/collies-vom-floersbachtal.de\/cms\/wp-content\/uploads\/2024\/07\/Snow1-768x512.jpg 768w\" sizes=\"auto, (max-width: 1000px) 100vw, 1000px\" \/><\/a><\/figure>\n\n\n\n<figure class=\"wp-block-image size-large\"><a href=\"https:\/\/collies-vom-floersbachtal.de\/cms\/wp-content\/uploads\/2024\/07\/Kanisha8-mit-7-Wochen.jpg\"><img loading=\"lazy\" decoding=\"async\" width=\"1000\" height=\"667\" data-id=\"47269\" src=\"https:\/\/collies-vom-floersbachtal.de\/cms\/wp-content\/uploads\/2024\/07\/Kanisha8-mit-7-Wochen.jpg\" alt=\"\" class=\"wp-image-47269\" srcset=\"https:\/\/collies-vom-floersbachtal.de\/cms\/wp-content\/uploads\/2024\/07\/Kanisha8-mit-7-Wochen.jpg 1000w, https:\/\/collies-vom-floersbachtal.de\/cms\/wp-content\/uploads\/2024\/07\/Kanisha8-mit-7-Wochen-300x200.jpg 300w, https:\/\/collies-vom-floersbachtal.de\/cms\/wp-content\/uploads\/2024\/07\/Kanisha8-mit-7-Wochen-768x512.jpg 768w\" sizes=\"auto, (max-width: 1000px) 100vw, 1000px\" \/><\/a><\/figure>\n\n\n\n<figure class=\"wp-block-image size-large\"><a href=\"https:\/\/collies-vom-floersbachtal.de\/cms\/wp-content\/uploads\/2024\/07\/Kanisha19-mit-7-Wochen.jpg\"><img loading=\"lazy\" decoding=\"async\" width=\"1000\" height=\"667\" data-id=\"47270\" src=\"https:\/\/collies-vom-floersbachtal.de\/cms\/wp-content\/uploads\/2024\/07\/Kanisha19-mit-7-Wochen.jpg\" alt=\"\" class=\"wp-image-47270\" srcset=\"https:\/\/collies-vom-floersbachtal.de\/cms\/wp-content\/uploads\/2024\/07\/Kanisha19-mit-7-Wochen.jpg 1000w, https:\/\/collies-vom-floersbachtal.de\/cms\/wp-content\/uploads\/2024\/07\/Kanisha19-mit-7-Wochen-300x200.jpg 300w, https:\/\/collies-vom-floersbachtal.de\/cms\/wp-content\/uploads\/2024\/07\/Kanisha19-mit-7-Wochen-768x512.jpg 768w\" sizes=\"auto, (max-width: 1000px) 100vw, 1000px\" \/><\/a><\/figure>\n\n\n\n<figure class=\"wp-block-image size-large\"><a href=\"https:\/\/collies-vom-floersbachtal.de\/cms\/wp-content\/uploads\/2024\/07\/Kaya4-mit-7-Wochen.jpg\"><img loading=\"lazy\" decoding=\"async\" width=\"1000\" height=\"667\" data-id=\"47273\" src=\"https:\/\/collies-vom-floersbachtal.de\/cms\/wp-content\/uploads\/2024\/07\/Kaya4-mit-7-Wochen.jpg\" alt=\"\" class=\"wp-image-47273\" srcset=\"https:\/\/collies-vom-floersbachtal.de\/cms\/wp-content\/uploads\/2024\/07\/Kaya4-mit-7-Wochen.jpg 1000w, https:\/\/collies-vom-floersbachtal.de\/cms\/wp-content\/uploads\/2024\/07\/Kaya4-mit-7-Wochen-300x200.jpg 300w, https:\/\/collies-vom-floersbachtal.de\/cms\/wp-content\/uploads\/2024\/07\/Kaya4-mit-7-Wochen-768x512.jpg 768w\" sizes=\"auto, (max-width: 1000px) 100vw, 1000px\" \/><\/a><\/figure>\n\n\n\n<figure class=\"wp-block-image size-large\"><a href=\"https:\/\/collies-vom-floersbachtal.de\/cms\/wp-content\/uploads\/2024\/07\/Kenai1.jpeg\"><img loading=\"lazy\" decoding=\"async\" width=\"1024\" height=\"683\" data-id=\"47279\" src=\"https:\/\/collies-vom-floersbachtal.de\/cms\/wp-content\/uploads\/2024\/07\/Kenai1-1024x683.jpeg\" alt=\"\" class=\"wp-image-47279\" srcset=\"https:\/\/collies-vom-floersbachtal.de\/cms\/wp-content\/uploads\/2024\/07\/Kenai1-1024x683.jpeg 1024w, https:\/\/collies-vom-floersbachtal.de\/cms\/wp-content\/uploads\/2024\/07\/Kenai1-300x200.jpeg 300w, https:\/\/collies-vom-floersbachtal.de\/cms\/wp-content\/uploads\/2024\/07\/Kenai1-768x512.jpeg 768w, https:\/\/collies-vom-floersbachtal.de\/cms\/wp-content\/uploads\/2024\/07\/Kenai1-1536x1024.jpeg 1536w, https:\/\/collies-vom-floersbachtal.de\/cms\/wp-content\/uploads\/2024\/07\/Kenai1.jpeg 2048w\" sizes=\"auto, (max-width: 1024px) 100vw, 1024px\" \/><\/a><\/figure>\n\n\n\n<figure class=\"wp-block-image size-large\"><a href=\"https:\/\/collies-vom-floersbachtal.de\/cms\/wp-content\/uploads\/2024\/07\/Kinari1-mit-7-wochen.jpg\"><img loading=\"lazy\" decoding=\"async\" width=\"1000\" height=\"667\" data-id=\"47271\" src=\"https:\/\/collies-vom-floersbachtal.de\/cms\/wp-content\/uploads\/2024\/07\/Kinari1-mit-7-wochen.jpg\" alt=\"\" class=\"wp-image-47271\" srcset=\"https:\/\/collies-vom-floersbachtal.de\/cms\/wp-content\/uploads\/2024\/07\/Kinari1-mit-7-wochen.jpg 1000w, https:\/\/collies-vom-floersbachtal.de\/cms\/wp-content\/uploads\/2024\/07\/Kinari1-mit-7-wochen-300x200.jpg 300w, https:\/\/collies-vom-floersbachtal.de\/cms\/wp-content\/uploads\/2024\/07\/Kinari1-mit-7-wochen-768x512.jpg 768w\" sizes=\"auto, (max-width: 1000px) 100vw, 1000px\" \/><\/a><\/figure>\n\n\n\n<figure class=\"wp-block-image size-large\"><a href=\"https:\/\/collies-vom-floersbachtal.de\/cms\/wp-content\/uploads\/2024\/07\/Kinoprogramm2.jpg\"><img loading=\"lazy\" decoding=\"async\" width=\"1024\" height=\"747\" data-id=\"47280\" src=\"https:\/\/collies-vom-floersbachtal.de\/cms\/wp-content\/uploads\/2024\/07\/Kinoprogramm2-1024x747.jpg\" alt=\"\" class=\"wp-image-47280\" srcset=\"https:\/\/collies-vom-floersbachtal.de\/cms\/wp-content\/uploads\/2024\/07\/Kinoprogramm2-1024x747.jpg 1024w, https:\/\/collies-vom-floersbachtal.de\/cms\/wp-content\/uploads\/2024\/07\/Kinoprogramm2-300x219.jpg 300w, https:\/\/collies-vom-floersbachtal.de\/cms\/wp-content\/uploads\/2024\/07\/Kinoprogramm2-768x560.jpg 768w, https:\/\/collies-vom-floersbachtal.de\/cms\/wp-content\/uploads\/2024\/07\/Kinoprogramm2-1536x1120.jpg 1536w, https:\/\/collies-vom-floersbachtal.de\/cms\/wp-content\/uploads\/2024\/07\/Kinoprogramm2.jpg 1629w\" sizes=\"auto, (max-width: 1024px) 100vw, 1024px\" \/><\/a><\/figure>\n\n\n\n<figure class=\"wp-block-image size-large\"><a href=\"https:\/\/collies-vom-floersbachtal.de\/cms\/wp-content\/uploads\/2024\/07\/Kira-und-Kowi1.jpg\"><img loading=\"lazy\" decoding=\"async\" width=\"1000\" height=\"667\" data-id=\"47275\" src=\"https:\/\/collies-vom-floersbachtal.de\/cms\/wp-content\/uploads\/2024\/07\/Kira-und-Kowi1.jpg\" alt=\"\" class=\"wp-image-47275\" srcset=\"https:\/\/collies-vom-floersbachtal.de\/cms\/wp-content\/uploads\/2024\/07\/Kira-und-Kowi1.jpg 1000w, https:\/\/collies-vom-floersbachtal.de\/cms\/wp-content\/uploads\/2024\/07\/Kira-und-Kowi1-300x200.jpg 300w, https:\/\/collies-vom-floersbachtal.de\/cms\/wp-content\/uploads\/2024\/07\/Kira-und-Kowi1-768x512.jpg 768w\" sizes=\"auto, (max-width: 1000px) 100vw, 1000px\" \/><\/a><\/figure>\n\n\n\n<figure class=\"wp-block-image size-large\"><a href=\"https:\/\/collies-vom-floersbachtal.de\/cms\/wp-content\/uploads\/2024\/07\/Kira2-mit-7-Wochen.jpg\"><img loading=\"lazy\" decoding=\"async\" width=\"1000\" height=\"667\" data-id=\"47278\" src=\"https:\/\/collies-vom-floersbachtal.de\/cms\/wp-content\/uploads\/2024\/07\/Kira2-mit-7-Wochen.jpg\" alt=\"\" class=\"wp-image-47278\" srcset=\"https:\/\/collies-vom-floersbachtal.de\/cms\/wp-content\/uploads\/2024\/07\/Kira2-mit-7-Wochen.jpg 1000w, https:\/\/collies-vom-floersbachtal.de\/cms\/wp-content\/uploads\/2024\/07\/Kira2-mit-7-Wochen-300x200.jpg 300w, https:\/\/collies-vom-floersbachtal.de\/cms\/wp-content\/uploads\/2024\/07\/Kira2-mit-7-Wochen-768x512.jpg 768w\" sizes=\"auto, (max-width: 1000px) 100vw, 1000px\" \/><\/a><\/figure>\n\n\n\n<figure class=\"wp-block-image size-large\"><a href=\"https:\/\/collies-vom-floersbachtal.de\/cms\/wp-content\/uploads\/2024\/07\/Koko4-mit-7-Wochen.jpg\"><img loading=\"lazy\" decoding=\"async\" width=\"1000\" height=\"667\" data-id=\"47272\" src=\"https:\/\/collies-vom-floersbachtal.de\/cms\/wp-content\/uploads\/2024\/07\/Koko4-mit-7-Wochen.jpg\" alt=\"\" class=\"wp-image-47272\" srcset=\"https:\/\/collies-vom-floersbachtal.de\/cms\/wp-content\/uploads\/2024\/07\/Koko4-mit-7-Wochen.jpg 1000w, https:\/\/collies-vom-floersbachtal.de\/cms\/wp-content\/uploads\/2024\/07\/Koko4-mit-7-Wochen-300x200.jpg 300w, https:\/\/collies-vom-floersbachtal.de\/cms\/wp-content\/uploads\/2024\/07\/Koko4-mit-7-Wochen-768x512.jpg 768w\" sizes=\"auto, (max-width: 1000px) 100vw, 1000px\" \/><\/a><\/figure>\n\n\n\n<figure class=\"wp-block-image size-large\"><a href=\"https:\/\/collies-vom-floersbachtal.de\/cms\/wp-content\/uploads\/2024\/07\/Koko6-mit-7-Wochen.jpg\"><img loading=\"lazy\" decoding=\"async\" width=\"1000\" height=\"667\" data-id=\"47274\" src=\"https:\/\/collies-vom-floersbachtal.de\/cms\/wp-content\/uploads\/2024\/07\/Koko6-mit-7-Wochen.jpg\" alt=\"\" class=\"wp-image-47274\" srcset=\"https:\/\/collies-vom-floersbachtal.de\/cms\/wp-content\/uploads\/2024\/07\/Koko6-mit-7-Wochen.jpg 1000w, https:\/\/collies-vom-floersbachtal.de\/cms\/wp-content\/uploads\/2024\/07\/Koko6-mit-7-Wochen-300x200.jpg 300w, https:\/\/collies-vom-floersbachtal.de\/cms\/wp-content\/uploads\/2024\/07\/Koko6-mit-7-Wochen-768x512.jpg 768w\" sizes=\"auto, (max-width: 1000px) 100vw, 1000px\" \/><\/a><\/figure>\n\n\n\n<figure class=\"wp-block-image size-large\"><a href=\"https:\/\/collies-vom-floersbachtal.de\/cms\/wp-content\/uploads\/2024\/07\/Kowi-und-Kaya1-mit-8-Wochen.jpg\"><img loading=\"lazy\" decoding=\"async\" width=\"1024\" height=\"1018\" data-id=\"47289\" src=\"https:\/\/collies-vom-floersbachtal.de\/cms\/wp-content\/uploads\/2024\/07\/Kowi-und-Kaya1-mit-8-Wochen-1024x1018.jpg\" alt=\"\" class=\"wp-image-47289\" srcset=\"https:\/\/collies-vom-floersbachtal.de\/cms\/wp-content\/uploads\/2024\/07\/Kowi-und-Kaya1-mit-8-Wochen-1024x1018.jpg 1024w, https:\/\/collies-vom-floersbachtal.de\/cms\/wp-content\/uploads\/2024\/07\/Kowi-und-Kaya1-mit-8-Wochen-300x298.jpg 300w, https:\/\/collies-vom-floersbachtal.de\/cms\/wp-content\/uploads\/2024\/07\/Kowi-und-Kaya1-mit-8-Wochen-150x150.jpg 150w, https:\/\/collies-vom-floersbachtal.de\/cms\/wp-content\/uploads\/2024\/07\/Kowi-und-Kaya1-mit-8-Wochen-768x763.jpg 768w, https:\/\/collies-vom-floersbachtal.de\/cms\/wp-content\/uploads\/2024\/07\/Kowi-und-Kaya1-mit-8-Wochen-1536x1527.jpg 1536w, https:\/\/collies-vom-floersbachtal.de\/cms\/wp-content\/uploads\/2024\/07\/Kowi-und-Kaya1-mit-8-Wochen-2048x2036.jpg 2048w\" sizes=\"auto, (max-width: 1024px) 100vw, 1024px\" \/><\/a><\/figure>\n\n\n\n<figure class=\"wp-block-image size-large\"><a href=\"https:\/\/collies-vom-floersbachtal.de\/cms\/wp-content\/uploads\/2024\/07\/Kowi3.jpg\"><img loading=\"lazy\" decoding=\"async\" width=\"1000\" height=\"667\" data-id=\"47277\" src=\"https:\/\/collies-vom-floersbachtal.de\/cms\/wp-content\/uploads\/2024\/07\/Kowi3.jpg\" alt=\"\" class=\"wp-image-47277\" srcset=\"https:\/\/collies-vom-floersbachtal.de\/cms\/wp-content\/uploads\/2024\/07\/Kowi3.jpg 1000w, https:\/\/collies-vom-floersbachtal.de\/cms\/wp-content\/uploads\/2024\/07\/Kowi3-300x200.jpg 300w, https:\/\/collies-vom-floersbachtal.de\/cms\/wp-content\/uploads\/2024\/07\/Kowi3-768x512.jpg 768w\" sizes=\"auto, (max-width: 1000px) 100vw, 1000px\" \/><\/a><\/figure>\n\n\n\n<figure class=\"wp-block-image size-large\"><a href=\"https:\/\/collies-vom-floersbachtal.de\/cms\/wp-content\/uploads\/2024\/07\/Kowi5.jpg\"><img loading=\"lazy\" decoding=\"async\" width=\"682\" height=\"1024\" data-id=\"47276\" src=\"https:\/\/collies-vom-floersbachtal.de\/cms\/wp-content\/uploads\/2024\/07\/Kowi5-682x1024.jpg\" alt=\"\" class=\"wp-image-47276\" srcset=\"https:\/\/collies-vom-floersbachtal.de\/cms\/wp-content\/uploads\/2024\/07\/Kowi5-682x1024.jpg 682w, https:\/\/collies-vom-floersbachtal.de\/cms\/wp-content\/uploads\/2024\/07\/Kowi5-200x300.jpg 200w, https:\/\/collies-vom-floersbachtal.de\/cms\/wp-content\/uploads\/2024\/07\/Kowi5-768x1154.jpg 768w, https:\/\/collies-vom-floersbachtal.de\/cms\/wp-content\/uploads\/2024\/07\/Kowi5.jpg 1000w\" sizes=\"auto, (max-width: 682px) 100vw, 682px\" \/><\/a><\/figure>\n\n\n\n<figure class=\"wp-block-image size-large\"><a href=\"https:\/\/collies-vom-floersbachtal.de\/cms\/wp-content\/uploads\/2024\/07\/Louis-und-Koko2.jpg\"><img loading=\"lazy\" decoding=\"async\" width=\"1000\" height=\"667\" data-id=\"47281\" src=\"https:\/\/collies-vom-floersbachtal.de\/cms\/wp-content\/uploads\/2024\/07\/Louis-und-Koko2.jpg\" alt=\"\" class=\"wp-image-47281\" srcset=\"https:\/\/collies-vom-floersbachtal.de\/cms\/wp-content\/uploads\/2024\/07\/Louis-und-Koko2.jpg 1000w, https:\/\/collies-vom-floersbachtal.de\/cms\/wp-content\/uploads\/2024\/07\/Louis-und-Koko2-300x200.jpg 300w, https:\/\/collies-vom-floersbachtal.de\/cms\/wp-content\/uploads\/2024\/07\/Louis-und-Koko2-768x512.jpg 768w\" sizes=\"auto, (max-width: 1000px) 100vw, 1000px\" \/><\/a><\/figure>\n\n\n\n<figure class=\"wp-block-image size-large\"><a href=\"https:\/\/collies-vom-floersbachtal.de\/cms\/wp-content\/uploads\/2024\/07\/Louis4.jpg\"><img loading=\"lazy\" decoding=\"async\" width=\"1000\" height=\"667\" data-id=\"47282\" src=\"https:\/\/collies-vom-floersbachtal.de\/cms\/wp-content\/uploads\/2024\/07\/Louis4.jpg\" alt=\"\" class=\"wp-image-47282\" srcset=\"https:\/\/collies-vom-floersbachtal.de\/cms\/wp-content\/uploads\/2024\/07\/Louis4.jpg 1000w, https:\/\/collies-vom-floersbachtal.de\/cms\/wp-content\/uploads\/2024\/07\/Louis4-300x200.jpg 300w, https:\/\/collies-vom-floersbachtal.de\/cms\/wp-content\/uploads\/2024\/07\/Louis4-768x512.jpg 768w\" sizes=\"auto, (max-width: 1000px) 100vw, 1000px\" \/><\/a><\/figure>\n\n\n\n<figure class=\"wp-block-image size-large\"><a href=\"https:\/\/collies-vom-floersbachtal.de\/cms\/wp-content\/uploads\/2024\/07\/Louis7.jpg\"><img loading=\"lazy\" decoding=\"async\" width=\"1000\" height=\"667\" data-id=\"47283\" src=\"https:\/\/collies-vom-floersbachtal.de\/cms\/wp-content\/uploads\/2024\/07\/Louis7.jpg\" alt=\"\" class=\"wp-image-47283\" srcset=\"https:\/\/collies-vom-floersbachtal.de\/cms\/wp-content\/uploads\/2024\/07\/Louis7.jpg 1000w, https:\/\/collies-vom-floersbachtal.de\/cms\/wp-content\/uploads\/2024\/07\/Louis7-300x200.jpg 300w, https:\/\/collies-vom-floersbachtal.de\/cms\/wp-content\/uploads\/2024\/07\/Louis7-768x512.jpg 768w\" sizes=\"auto, (max-width: 1000px) 100vw, 1000px\" \/><\/a><\/figure>\n\n\n\n<figure class=\"wp-block-image size-large\"><a href=\"https:\/\/collies-vom-floersbachtal.de\/cms\/wp-content\/uploads\/2024\/07\/Snow-und-Kanisha1-mit-75-Wochen.jpg\"><img loading=\"lazy\" decoding=\"async\" width=\"1000\" height=\"729\" data-id=\"47285\" src=\"https:\/\/collies-vom-floersbachtal.de\/cms\/wp-content\/uploads\/2024\/07\/Snow-und-Kanisha1-mit-75-Wochen.jpg\" alt=\"\" class=\"wp-image-47285\" srcset=\"https:\/\/collies-vom-floersbachtal.de\/cms\/wp-content\/uploads\/2024\/07\/Snow-und-Kanisha1-mit-75-Wochen.jpg 1000w, https:\/\/collies-vom-floersbachtal.de\/cms\/wp-content\/uploads\/2024\/07\/Snow-und-Kanisha1-mit-75-Wochen-300x219.jpg 300w, https:\/\/collies-vom-floersbachtal.de\/cms\/wp-content\/uploads\/2024\/07\/Snow-und-Kanisha1-mit-75-Wochen-768x560.jpg 768w\" sizes=\"auto, (max-width: 1000px) 100vw, 1000px\" \/><\/a><\/figure>\n\n\n\n<figure class=\"wp-block-image size-large\"><a href=\"https:\/\/collies-vom-floersbachtal.de\/cms\/wp-content\/uploads\/2024\/07\/Snow-und-Kira1-mit-7-Wochen.jpg\"><img loading=\"lazy\" decoding=\"async\" width=\"1000\" height=\"667\" data-id=\"47284\" src=\"https:\/\/collies-vom-floersbachtal.de\/cms\/wp-content\/uploads\/2024\/07\/Snow-und-Kira1-mit-7-Wochen.jpg\" alt=\"\" class=\"wp-image-47284\" srcset=\"https:\/\/collies-vom-floersbachtal.de\/cms\/wp-content\/uploads\/2024\/07\/Snow-und-Kira1-mit-7-Wochen.jpg 1000w, https:\/\/collies-vom-floersbachtal.de\/cms\/wp-content\/uploads\/2024\/07\/Snow-und-Kira1-mit-7-Wochen-300x200.jpg 300w, https:\/\/collies-vom-floersbachtal.de\/cms\/wp-content\/uploads\/2024\/07\/Snow-und-Kira1-mit-7-Wochen-768x512.jpg 768w\" sizes=\"auto, (max-width: 1000px) 100vw, 1000px\" \/><\/a><\/figure>\n\n\n\n<figure class=\"wp-block-image size-large\"><a href=\"https:\/\/collies-vom-floersbachtal.de\/cms\/wp-content\/uploads\/2024\/07\/Snow-und-Louis1-mit-75-Wochen.jpg\"><img loading=\"lazy\" decoding=\"async\" width=\"1000\" height=\"1007\" data-id=\"47287\" src=\"https:\/\/collies-vom-floersbachtal.de\/cms\/wp-content\/uploads\/2024\/07\/Snow-und-Louis1-mit-75-Wochen.jpg\" alt=\"\" class=\"wp-image-47287\" srcset=\"https:\/\/collies-vom-floersbachtal.de\/cms\/wp-content\/uploads\/2024\/07\/Snow-und-Louis1-mit-75-Wochen.jpg 1000w, https:\/\/collies-vom-floersbachtal.de\/cms\/wp-content\/uploads\/2024\/07\/Snow-und-Louis1-mit-75-Wochen-298x300.jpg 298w, https:\/\/collies-vom-floersbachtal.de\/cms\/wp-content\/uploads\/2024\/07\/Snow-und-Louis1-mit-75-Wochen-150x150.jpg 150w, https:\/\/collies-vom-floersbachtal.de\/cms\/wp-content\/uploads\/2024\/07\/Snow-und-Louis1-mit-75-Wochen-768x773.jpg 768w\" sizes=\"auto, (max-width: 1000px) 100vw, 1000px\" \/><\/a><\/figure>\n\n\n\n<figure class=\"wp-block-image size-large\"><a href=\"https:\/\/collies-vom-floersbachtal.de\/cms\/wp-content\/uploads\/2024\/07\/Snow-und-mama1.jpg\"><img loading=\"lazy\" decoding=\"async\" width=\"683\" height=\"1024\" data-id=\"47288\" src=\"https:\/\/collies-vom-floersbachtal.de\/cms\/wp-content\/uploads\/2024\/07\/Snow-und-mama1-683x1024.jpg\" alt=\"\" class=\"wp-image-47288\" srcset=\"https:\/\/collies-vom-floersbachtal.de\/cms\/wp-content\/uploads\/2024\/07\/Snow-und-mama1-683x1024.jpg 683w, https:\/\/collies-vom-floersbachtal.de\/cms\/wp-content\/uploads\/2024\/07\/Snow-und-mama1-200x300.jpg 200w, https:\/\/collies-vom-floersbachtal.de\/cms\/wp-content\/uploads\/2024\/07\/Snow-und-mama1-768x1152.jpg 768w, https:\/\/collies-vom-floersbachtal.de\/cms\/wp-content\/uploads\/2024\/07\/Snow-und-mama1.jpg 1000w\" sizes=\"auto, (max-width: 683px) 100vw, 683px\" \/><\/a><\/figure>\n\n\n\n<figure class=\"wp-block-image size-large\"><a href=\"https:\/\/collies-vom-floersbachtal.de\/cms\/wp-content\/uploads\/2024\/07\/Snow-Kacy-und-Kanisha1-mit-75-Wochen.jpg\"><img loading=\"lazy\" decoding=\"async\" width=\"1000\" height=\"798\" data-id=\"47286\" src=\"https:\/\/collies-vom-floersbachtal.de\/cms\/wp-content\/uploads\/2024\/07\/Snow-Kacy-und-Kanisha1-mit-75-Wochen.jpg\" alt=\"\" class=\"wp-image-47286\" srcset=\"https:\/\/collies-vom-floersbachtal.de\/cms\/wp-content\/uploads\/2024\/07\/Snow-Kacy-und-Kanisha1-mit-75-Wochen.jpg 1000w, https:\/\/collies-vom-floersbachtal.de\/cms\/wp-content\/uploads\/2024\/07\/Snow-Kacy-und-Kanisha1-mit-75-Wochen-300x239.jpg 300w, https:\/\/collies-vom-floersbachtal.de\/cms\/wp-content\/uploads\/2024\/07\/Snow-Kacy-und-Kanisha1-mit-75-Wochen-768x613.jpg 768w\" sizes=\"auto, (max-width: 1000px) 100vw, 1000px\" \/><\/a><\/figure>\n<\/figure>\n\n\n\n<h1 class=\"wp-block-heading\"><strong>Meine 3 wundersch\u00f6nen Colliedamen Ende Mai 2024 , Jana, Tara und Mina \ud83d\ude1b<\/strong><\/h1>\n\n\n\n<figure class=\"wp-block-image\"><a href=\"https:\/\/collies-vom-floersbachtal.de\/cms\/wp-content\/uploads\/2024\/05\/Tara-Jana-und-Mina1-Ende-Mai24.jpg\"><img loading=\"lazy\" decoding=\"async\" width=\"800\" height=\"944\" src=\"https:\/\/collies-vom-floersbachtal.de\/cms\/wp-content\/uploads\/2024\/05\/Tara-Jana-und-Mina1-Ende-Mai24.jpg\" alt=\"\" class=\"wp-image-46651\" srcset=\"https:\/\/collies-vom-floersbachtal.de\/cms\/wp-content\/uploads\/2024\/05\/Tara-Jana-und-Mina1-Ende-Mai24.jpg 800w, https:\/\/collies-vom-floersbachtal.de\/cms\/wp-content\/uploads\/2024\/05\/Tara-Jana-und-Mina1-Ende-Mai24-254x300.jpg 254w, https:\/\/collies-vom-floersbachtal.de\/cms\/wp-content\/uploads\/2024\/05\/Tara-Jana-und-Mina1-Ende-Mai24-768x906.jpg 768w\" sizes=\"auto, (max-width: 800px) 100vw, 800px\" \/><\/a><\/figure>\n\n\n\n<figure class=\"wp-block-image\"><a href=\"https:\/\/collies-vom-floersbachtal.de\/cms\/wp-content\/uploads\/2024\/05\/Tara-und-Jana1-Ende-Mai24.jpg\"><img loading=\"lazy\" decoding=\"async\" width=\"589\" height=\"1024\" src=\"https:\/\/collies-vom-floersbachtal.de\/cms\/wp-content\/uploads\/2024\/05\/Tara-und-Jana1-Ende-Mai24-589x1024.jpg\" alt=\"\" class=\"wp-image-46653\" srcset=\"https:\/\/collies-vom-floersbachtal.de\/cms\/wp-content\/uploads\/2024\/05\/Tara-und-Jana1-Ende-Mai24-589x1024.jpg 589w, https:\/\/collies-vom-floersbachtal.de\/cms\/wp-content\/uploads\/2024\/05\/Tara-und-Jana1-Ende-Mai24-173x300.jpg 173w, https:\/\/collies-vom-floersbachtal.de\/cms\/wp-content\/uploads\/2024\/05\/Tara-und-Jana1-Ende-Mai24-768x1334.jpg 768w, https:\/\/collies-vom-floersbachtal.de\/cms\/wp-content\/uploads\/2024\/05\/Tara-und-Jana1-Ende-Mai24.jpg 800w\" sizes=\"auto, (max-width: 589px) 100vw, 589px\" \/><\/a><\/figure>\n\n\n\n<figure class=\"wp-block-image\"><a href=\"https:\/\/collies-vom-floersbachtal.de\/cms\/wp-content\/uploads\/2024\/05\/Mina-und-Jana1-65-Mon-scaled.jpg\"><img loading=\"lazy\" decoding=\"async\" width=\"799\" height=\"1024\" src=\"https:\/\/collies-vom-floersbachtal.de\/cms\/wp-content\/uploads\/2024\/05\/Mina-und-Jana1-65-Mon-799x1024.jpg\" alt=\"\" class=\"wp-image-46656\" srcset=\"https:\/\/collies-vom-floersbachtal.de\/cms\/wp-content\/uploads\/2024\/05\/Mina-und-Jana1-65-Mon-799x1024.jpg 799w, https:\/\/collies-vom-floersbachtal.de\/cms\/wp-content\/uploads\/2024\/05\/Mina-und-Jana1-65-Mon-234x300.jpg 234w, https:\/\/collies-vom-floersbachtal.de\/cms\/wp-content\/uploads\/2024\/05\/Mina-und-Jana1-65-Mon-768x984.jpg 768w, https:\/\/collies-vom-floersbachtal.de\/cms\/wp-content\/uploads\/2024\/05\/Mina-und-Jana1-65-Mon-1198x1536.jpg 1198w, https:\/\/collies-vom-floersbachtal.de\/cms\/wp-content\/uploads\/2024\/05\/Mina-und-Jana1-65-Mon-1598x2048.jpg 1598w, https:\/\/collies-vom-floersbachtal.de\/cms\/wp-content\/uploads\/2024\/05\/Mina-und-Jana1-65-Mon-scaled.jpg 1997w\" sizes=\"auto, (max-width: 799px) 100vw, 799px\" \/><\/a><\/figure>\n\n\n\n<figure class=\"wp-block-image\"><a href=\"https:\/\/collies-vom-floersbachtal.de\/cms\/wp-content\/uploads\/2024\/05\/Mina1-65-Monate-1.jpg\"><img loading=\"lazy\" decoding=\"async\" width=\"1000\" height=\"1019\" src=\"https:\/\/collies-vom-floersbachtal.de\/cms\/wp-content\/uploads\/2024\/05\/Mina1-65-Monate-1.jpg\" alt=\"\" class=\"wp-image-46654\" srcset=\"https:\/\/collies-vom-floersbachtal.de\/cms\/wp-content\/uploads\/2024\/05\/Mina1-65-Monate-1.jpg 1000w, https:\/\/collies-vom-floersbachtal.de\/cms\/wp-content\/uploads\/2024\/05\/Mina1-65-Monate-1-294x300.jpg 294w, https:\/\/collies-vom-floersbachtal.de\/cms\/wp-content\/uploads\/2024\/05\/Mina1-65-Monate-1-768x783.jpg 768w\" sizes=\"auto, (max-width: 1000px) 100vw, 1000px\" \/><\/a><\/figure>\n\n\n\n<figure class=\"wp-block-image\"><a href=\"https:\/\/collies-vom-floersbachtal.de\/cms\/wp-content\/uploads\/2024\/05\/Mina1-bei-den-Kruemeln-65-W.jpg\"><img loading=\"lazy\" decoding=\"async\" width=\"1000\" height=\"505\" src=\"https:\/\/collies-vom-floersbachtal.de\/cms\/wp-content\/uploads\/2024\/05\/Mina1-bei-den-Kruemeln-65-W.jpg\" alt=\"\" class=\"wp-image-46652\" srcset=\"https:\/\/collies-vom-floersbachtal.de\/cms\/wp-content\/uploads\/2024\/05\/Mina1-bei-den-Kruemeln-65-W.jpg 1000w, https:\/\/collies-vom-floersbachtal.de\/cms\/wp-content\/uploads\/2024\/05\/Mina1-bei-den-Kruemeln-65-W-300x152.jpg 300w, https:\/\/collies-vom-floersbachtal.de\/cms\/wp-content\/uploads\/2024\/05\/Mina1-bei-den-Kruemeln-65-W-768x388.jpg 768w\" sizes=\"auto, (max-width: 1000px) 100vw, 1000px\" \/><\/a><\/figure>\n","protected":false},"excerpt":{"rendered":"<p>Meine 3 wundersch\u00f6nen Colliedamen Ende Mai 2024 , Jana, Tara und Mina \ud83d\ude1b<\/p>\n","protected":false},"author":1,"featured_media":0,"comment_status":"open","ping_status":"open","sticky":false,"template":"","format":"standard","meta":{"footnotes":""},"categories":[1],"tags":[],"class_list":["post-47257","post","type-post","status-publish","format-standard","hentry","category-allgemein"],"jetpack_featured_media_url":"","_links":{"self":[{"href":"https:\/\/collies-vom-floersbachtal.de\/index.php?rest_route=\/wp\/v2\/posts\/47257","targetHints":{"allow":["GET"]}}],"collection":[{"href":"https:\/\/collies-vom-floersbachtal.de\/index.php?rest_route=\/wp\/v2\/posts"}],"about":[{"href":"https:\/\/collies-vom-floersbachtal.de\/index.php?rest_route=\/wp\/v2\/types\/post"}],"author":[{"embeddable":true,"href":"https:\/\/collies-vom-floersbachtal.de\/index.php?rest_route=\/wp\/v2\/users\/1"}],"replies":[{"embeddable":true,"href":"https:\/\/collies-vom-floersbachtal.de\/index.php?rest_route=%2Fwp%2Fv2%2Fcomments&post=47257"}],"version-history":[{"count":5,"href":"https:\/\/collies-vom-floersbachtal.de\/index.php?rest_route=\/wp\/v2\/posts\/47257\/revisions"}],"predecessor-version":[{"id":47343,"href":"https:\/\/collies-vom-floersbachtal.de\/index.php?rest_route=\/wp\/v2\/posts\/47257\/revisions\/47343"}],"wp:attachment":[{"href":"https:\/\/collies-vom-floersbachtal.de\/index.php?rest_route=%2Fwp%2Fv2%2Fmedia&parent=47257"}],"wp:term":[{"taxonomy":"category","embeddable":true,"href":"https:\/\/collies-vom-floersbachtal.de\/index.php?rest_route=%2Fwp%2Fv2%2Fcategories&post=47257"},{"taxonomy":"post_tag","embeddable":true,"href":"https:\/\/collies-vom-floersbachtal.de\/index.php?rest_route=%2Fwp%2Fv2%2Ftags&post=47257"}],"curies":[{"name":"wp","href":"https:\/\/api.w.org\/{rel}","templated":true}]}}