{"id":43371,"date":"2023-11-29T15:30:29","date_gmt":"2023-11-29T15:30:29","guid":{"rendered":"https:\/\/collies-vom-floersbachtal.de\/?p=43371"},"modified":"2023-11-29T15:35:59","modified_gmt":"2023-11-29T15:35:59","slug":"nun-moechte-ich-aber-doch-noch-den-gestrigen-jubilaren-den-i-chens-nachtraeglich-gratulieren-schliesslich-hat-man-nur-einmal-im-jahr-geburtstag-deshalb-alles-alles-gute-euch-allen-8-ehemaligen-krue","status":"publish","type":"post","link":"https:\/\/collies-vom-floersbachtal.de\/?p=43371","title":{"rendered":"Nun m\u00f6chte ich aber doch noch den gestrigen Jubilaren den I-chens nachtr\u00e4glich gratulieren, schlie\u00dflich hat man nur einmal im Jahr Geburtstag. Deshalb alles, alles Gute euch allen 8 ehemaligen Kr\u00fcmel. Pa\u00dft weiterhin gut auf euch auf und noch viele sch\u00f6ne Jahre. Eure Z\u00fcchterin Susanne"},"content":{"rendered":"\n<figure class=\"wp-block-image size-full is-resized\"><a href=\"https:\/\/collies-vom-floersbachtal.de\/cms\/wp-content\/uploads\/2023\/11\/Geburtstagscollie2-1.jpg\"><img loading=\"lazy\" decoding=\"async\" src=\"https:\/\/collies-vom-floersbachtal.de\/cms\/wp-content\/uploads\/2023\/11\/Geburtstagscollie2-1.jpg\" alt=\"\" class=\"wp-image-43384\" width=\"395\" height=\"395\" srcset=\"https:\/\/collies-vom-floersbachtal.de\/cms\/wp-content\/uploads\/2023\/11\/Geburtstagscollie2-1.jpg 250w, https:\/\/collies-vom-floersbachtal.de\/cms\/wp-content\/uploads\/2023\/11\/Geburtstagscollie2-1-150x150.jpg 150w\" sizes=\"auto, (max-width: 395px) 100vw, 395px\" \/><\/a><\/figure>\n\n\n\n<figure class=\"wp-block-gallery has-nested-images columns-default is-cropped wp-block-gallery-1 is-layout-flex wp-block-gallery-is-layout-flex\">\n<figure class=\"wp-block-image size-large\"><a href=\"https:\/\/collies-vom-floersbachtal.de\/cms\/wp-content\/uploads\/2023\/11\/Maddox2-5.-Geburtstag.jpg\"><img loading=\"lazy\" decoding=\"async\" width=\"759\" height=\"1024\" data-id=\"43373\" src=\"https:\/\/collies-vom-floersbachtal.de\/cms\/wp-content\/uploads\/2023\/11\/Maddox2-5.-Geburtstag-759x1024.jpg\" alt=\"\" class=\"wp-image-43373\" srcset=\"https:\/\/collies-vom-floersbachtal.de\/cms\/wp-content\/uploads\/2023\/11\/Maddox2-5.-Geburtstag-759x1024.jpg 759w, https:\/\/collies-vom-floersbachtal.de\/cms\/wp-content\/uploads\/2023\/11\/Maddox2-5.-Geburtstag-222x300.jpg 222w, https:\/\/collies-vom-floersbachtal.de\/cms\/wp-content\/uploads\/2023\/11\/Maddox2-5.-Geburtstag-768x1036.jpg 768w, https:\/\/collies-vom-floersbachtal.de\/cms\/wp-content\/uploads\/2023\/11\/Maddox2-5.-Geburtstag.jpg 1080w\" sizes=\"auto, (max-width: 759px) 100vw, 759px\" \/><\/a><figcaption class=\"wp-element-caption\">Ibo-Maddox<\/figcaption><\/figure>\n\n\n\n<figure class=\"wp-block-image size-large\"><a href=\"https:\/\/collies-vom-floersbachtal.de\/cms\/wp-content\/uploads\/2023\/11\/Maddox1-5.-Geburtstag.jpg\"><img loading=\"lazy\" decoding=\"async\" width=\"759\" height=\"1024\" data-id=\"43372\" src=\"https:\/\/collies-vom-floersbachtal.de\/cms\/wp-content\/uploads\/2023\/11\/Maddox1-5.-Geburtstag-759x1024.jpg\" alt=\"\" class=\"wp-image-43372\" srcset=\"https:\/\/collies-vom-floersbachtal.de\/cms\/wp-content\/uploads\/2023\/11\/Maddox1-5.-Geburtstag-759x1024.jpg 759w, https:\/\/collies-vom-floersbachtal.de\/cms\/wp-content\/uploads\/2023\/11\/Maddox1-5.-Geburtstag-222x300.jpg 222w, https:\/\/collies-vom-floersbachtal.de\/cms\/wp-content\/uploads\/2023\/11\/Maddox1-5.-Geburtstag-768x1036.jpg 768w, https:\/\/collies-vom-floersbachtal.de\/cms\/wp-content\/uploads\/2023\/11\/Maddox1-5.-Geburtstag.jpg 1059w\" sizes=\"auto, (max-width: 759px) 100vw, 759px\" \/><\/a><\/figure>\n<\/figure>\n\n\n\n<figure class=\"wp-block-image size-large\"><a href=\"https:\/\/collies-vom-floersbachtal.de\/cms\/wp-content\/uploads\/2023\/11\/Isaboe2-April19-scaled.jpg\"><img loading=\"lazy\" decoding=\"async\" width=\"1024\" height=\"683\" src=\"https:\/\/collies-vom-floersbachtal.de\/cms\/wp-content\/uploads\/2023\/11\/Isaboe2-April19-1024x683.jpg\" alt=\"\" class=\"wp-image-43375\" srcset=\"https:\/\/collies-vom-floersbachtal.de\/cms\/wp-content\/uploads\/2023\/11\/Isaboe2-April19-1024x683.jpg 1024w, https:\/\/collies-vom-floersbachtal.de\/cms\/wp-content\/uploads\/2023\/11\/Isaboe2-April19-300x200.jpg 300w, https:\/\/collies-vom-floersbachtal.de\/cms\/wp-content\/uploads\/2023\/11\/Isaboe2-April19-768x512.jpg 768w, https:\/\/collies-vom-floersbachtal.de\/cms\/wp-content\/uploads\/2023\/11\/Isaboe2-April19-1536x1024.jpg 1536w, https:\/\/collies-vom-floersbachtal.de\/cms\/wp-content\/uploads\/2023\/11\/Isaboe2-April19-2048x1365.jpg 2048w\" sizes=\"auto, (max-width: 1024px) 100vw, 1024px\" \/><\/a><figcaption class=\"wp-element-caption\">Isaboe<\/figcaption><\/figure>\n\n\n\n<figure class=\"wp-block-image size-full\"><a href=\"https:\/\/collies-vom-floersbachtal.de\/cms\/wp-content\/uploads\/2023\/11\/Iceman-Mylo5-Juni23-461x1024-1.jpg\"><img loading=\"lazy\" decoding=\"async\" width=\"461\" height=\"1024\" src=\"https:\/\/collies-vom-floersbachtal.de\/cms\/wp-content\/uploads\/2023\/11\/Iceman-Mylo5-Juni23-461x1024-1.jpg\" alt=\"\" class=\"wp-image-43377\" srcset=\"https:\/\/collies-vom-floersbachtal.de\/cms\/wp-content\/uploads\/2023\/11\/Iceman-Mylo5-Juni23-461x1024-1.jpg 461w, https:\/\/collies-vom-floersbachtal.de\/cms\/wp-content\/uploads\/2023\/11\/Iceman-Mylo5-Juni23-461x1024-1-135x300.jpg 135w\" sizes=\"auto, (max-width: 461px) 100vw, 461px\" \/><\/a><figcaption class=\"wp-element-caption\">Iceman-Mylo<\/figcaption><\/figure>\n\n\n\n<figure class=\"wp-block-image size-full\"><a href=\"https:\/\/collies-vom-floersbachtal.de\/cms\/wp-content\/uploads\/2023\/11\/Greta2-Juni19.jpg\"><img loading=\"lazy\" decoding=\"async\" width=\"1000\" height=\"667\" src=\"https:\/\/collies-vom-floersbachtal.de\/cms\/wp-content\/uploads\/2023\/11\/Greta2-Juni19.jpg\" alt=\"\" class=\"wp-image-43378\" srcset=\"https:\/\/collies-vom-floersbachtal.de\/cms\/wp-content\/uploads\/2023\/11\/Greta2-Juni19.jpg 1000w, https:\/\/collies-vom-floersbachtal.de\/cms\/wp-content\/uploads\/2023\/11\/Greta2-Juni19-300x200.jpg 300w, https:\/\/collies-vom-floersbachtal.de\/cms\/wp-content\/uploads\/2023\/11\/Greta2-Juni19-768x512.jpg 768w\" sizes=\"auto, (max-width: 1000px) 100vw, 1000px\" \/><\/a><figcaption class=\"wp-element-caption\">Indira-Greta<\/figcaption><\/figure>\n\n\n\n<figure class=\"wp-block-image size-full\"><a href=\"https:\/\/collies-vom-floersbachtal.de\/cms\/wp-content\/uploads\/2023\/11\/Indy1-Okt.23.jpg\"><img loading=\"lazy\" decoding=\"async\" width=\"1000\" height=\"750\" src=\"https:\/\/collies-vom-floersbachtal.de\/cms\/wp-content\/uploads\/2023\/11\/Indy1-Okt.23.jpg\" alt=\"\" class=\"wp-image-43379\" srcset=\"https:\/\/collies-vom-floersbachtal.de\/cms\/wp-content\/uploads\/2023\/11\/Indy1-Okt.23.jpg 1000w, https:\/\/collies-vom-floersbachtal.de\/cms\/wp-content\/uploads\/2023\/11\/Indy1-Okt.23-300x225.jpg 300w, https:\/\/collies-vom-floersbachtal.de\/cms\/wp-content\/uploads\/2023\/11\/Indy1-Okt.23-768x576.jpg 768w\" sizes=\"auto, (max-width: 1000px) 100vw, 1000px\" \/><\/a><figcaption class=\"wp-element-caption\">Indy<\/figcaption><\/figure>\n\n\n\n<figure class=\"wp-block-image size-full\"><a href=\"https:\/\/collies-vom-floersbachtal.de\/cms\/wp-content\/uploads\/2023\/11\/Michl1-Juni22-1024x768-1.jpg\"><img loading=\"lazy\" decoding=\"async\" width=\"1024\" height=\"768\" src=\"https:\/\/collies-vom-floersbachtal.de\/cms\/wp-content\/uploads\/2023\/11\/Michl1-Juni22-1024x768-1.jpg\" alt=\"\" class=\"wp-image-43380\" srcset=\"https:\/\/collies-vom-floersbachtal.de\/cms\/wp-content\/uploads\/2023\/11\/Michl1-Juni22-1024x768-1.jpg 1024w, https:\/\/collies-vom-floersbachtal.de\/cms\/wp-content\/uploads\/2023\/11\/Michl1-Juni22-1024x768-1-300x225.jpg 300w, https:\/\/collies-vom-floersbachtal.de\/cms\/wp-content\/uploads\/2023\/11\/Michl1-Juni22-1024x768-1-768x576.jpg 768w\" sizes=\"auto, (max-width: 1024px) 100vw, 1024px\" \/><\/a><figcaption class=\"wp-element-caption\">Idefix-Michl<\/figcaption><\/figure>\n\n\n\n<figure class=\"wp-block-image size-full\"><a href=\"https:\/\/collies-vom-floersbachtal.de\/cms\/wp-content\/uploads\/2023\/11\/Ivy2-Juni22.jpg\"><img loading=\"lazy\" decoding=\"async\" width=\"1024\" height=\"768\" src=\"https:\/\/collies-vom-floersbachtal.de\/cms\/wp-content\/uploads\/2023\/11\/Ivy2-Juni22.jpg\" alt=\"\" class=\"wp-image-43381\" srcset=\"https:\/\/collies-vom-floersbachtal.de\/cms\/wp-content\/uploads\/2023\/11\/Ivy2-Juni22.jpg 1024w, https:\/\/collies-vom-floersbachtal.de\/cms\/wp-content\/uploads\/2023\/11\/Ivy2-Juni22-300x225.jpg 300w, https:\/\/collies-vom-floersbachtal.de\/cms\/wp-content\/uploads\/2023\/11\/Ivy2-Juni22-768x576.jpg 768w\" sizes=\"auto, (max-width: 1024px) 100vw, 1024px\" \/><\/a><figcaption class=\"wp-element-caption\">Ivy<\/figcaption><\/figure>\n\n\n\n<figure class=\"wp-block-image size-full\"><a href=\"https:\/\/collies-vom-floersbachtal.de\/cms\/wp-content\/uploads\/2023\/11\/Hazel3-Mai23-768x914-1.jpg\"><img loading=\"lazy\" decoding=\"async\" width=\"768\" height=\"914\" src=\"https:\/\/collies-vom-floersbachtal.de\/cms\/wp-content\/uploads\/2023\/11\/Hazel3-Mai23-768x914-1.jpg\" alt=\"\" class=\"wp-image-43382\" srcset=\"https:\/\/collies-vom-floersbachtal.de\/cms\/wp-content\/uploads\/2023\/11\/Hazel3-Mai23-768x914-1.jpg 768w, https:\/\/collies-vom-floersbachtal.de\/cms\/wp-content\/uploads\/2023\/11\/Hazel3-Mai23-768x914-1-252x300.jpg 252w\" sizes=\"auto, (max-width: 768px) 100vw, 768px\" \/><\/a><figcaption class=\"wp-element-caption\">Inola-Hazel<\/figcaption><\/figure>\n","protected":false},"excerpt":{"rendered":"","protected":false},"author":1,"featured_media":0,"comment_status":"open","ping_status":"open","sticky":false,"template":"","format":"standard","meta":{"footnotes":""},"categories":[1],"tags":[],"class_list":["post-43371","post","type-post","status-publish","format-standard","hentry","category-allgemein"],"jetpack_featured_media_url":"","_links":{"self":[{"href":"https:\/\/collies-vom-floersbachtal.de\/index.php?rest_route=\/wp\/v2\/posts\/43371","targetHints":{"allow":["GET"]}}],"collection":[{"href":"https:\/\/collies-vom-floersbachtal.de\/index.php?rest_route=\/wp\/v2\/posts"}],"about":[{"href":"https:\/\/collies-vom-floersbachtal.de\/index.php?rest_route=\/wp\/v2\/types\/post"}],"author":[{"embeddable":true,"href":"https:\/\/collies-vom-floersbachtal.de\/index.php?rest_route=\/wp\/v2\/users\/1"}],"replies":[{"embeddable":true,"href":"https:\/\/collies-vom-floersbachtal.de\/index.php?rest_route=%2Fwp%2Fv2%2Fcomments&post=43371"}],"version-history":[{"count":4,"href":"https:\/\/collies-vom-floersbachtal.de\/index.php?rest_route=\/wp\/v2\/posts\/43371\/revisions"}],"predecessor-version":[{"id":43385,"href":"https:\/\/collies-vom-floersbachtal.de\/index.php?rest_route=\/wp\/v2\/posts\/43371\/revisions\/43385"}],"wp:attachment":[{"href":"https:\/\/collies-vom-floersbachtal.de\/index.php?rest_route=%2Fwp%2Fv2%2Fmedia&parent=43371"}],"wp:term":[{"taxonomy":"category","embeddable":true,"href":"https:\/\/collies-vom-floersbachtal.de\/index.php?rest_route=%2Fwp%2Fv2%2Fcategories&post=43371"},{"taxonomy":"post_tag","embeddable":true,"href":"https:\/\/collies-vom-floersbachtal.de\/index.php?rest_route=%2Fwp%2Fv2%2Ftags&post=43371"}],"curies":[{"name":"wp","href":"https:\/\/api.w.org\/{rel}","templated":true}]}}