{"id":35410,"date":"2022-06-03T17:12:53","date_gmt":"2022-06-03T17:12:53","guid":{"rendered":"https:\/\/collies-vom-floersbachtal.de\/?p=35410"},"modified":"2022-06-03T17:13:35","modified_gmt":"2022-06-03T17:13:35","slug":"janaki-ist-in-den-pfingsturlaub-abgeholt-wurden-nachdem-sie-die-gesamte-tierarztpraxis-irre-gemacht-hatte-weil-sie-jeden-begruessen-moechte-und-sowas-von-neugierig-ist-d","status":"publish","type":"post","link":"https:\/\/collies-vom-floersbachtal.de\/?p=35410","title":{"rendered":"Janaki ist in den Pfingsturlaub abgeholt wurden nachdem sie die gesamte Tierarztpraxis irre gemacht hatte ;-) Weil sie jeden begr\u00fc\u00dfen m\u00f6chte und sowas von neugierig ist, echt peinlich. :-D"},"content":{"rendered":"\n<figure class=\"wp-block-gallery has-nested-images columns-default is-cropped wp-block-gallery-1 is-layout-flex wp-block-gallery-is-layout-flex\">\n<figure class=\"wp-block-image size-large\"><a href=\"https:\/\/collies-vom-floersbachtal.de\/cms\/wp-content\/uploads\/2022\/06\/Jana-und-Verena2-Pfingsten-2022.jpg\"><img loading=\"lazy\" decoding=\"async\" width=\"825\" height=\"1024\" data-id=\"35411\" src=\"https:\/\/collies-vom-floersbachtal.de\/cms\/wp-content\/uploads\/2022\/06\/Jana-und-Verena2-Pfingsten-2022-825x1024.jpg\" alt=\"\" class=\"wp-image-35411\" srcset=\"https:\/\/collies-vom-floersbachtal.de\/cms\/wp-content\/uploads\/2022\/06\/Jana-und-Verena2-Pfingsten-2022-825x1024.jpg 825w, https:\/\/collies-vom-floersbachtal.de\/cms\/wp-content\/uploads\/2022\/06\/Jana-und-Verena2-Pfingsten-2022-242x300.jpg 242w, https:\/\/collies-vom-floersbachtal.de\/cms\/wp-content\/uploads\/2022\/06\/Jana-und-Verena2-Pfingsten-2022-768x953.jpg 768w, https:\/\/collies-vom-floersbachtal.de\/cms\/wp-content\/uploads\/2022\/06\/Jana-und-Verena2-Pfingsten-2022.jpg 1000w\" sizes=\"auto, (max-width: 825px) 100vw, 825px\" \/><\/a><figcaption>Nur mal ein Kurzurlaub, wehe jemand verr\u00e4t das meiner Mutter <\/figcaption><\/figure>\n\n\n\n<figure class=\"wp-block-image size-large\"><a href=\"https:\/\/collies-vom-floersbachtal.de\/cms\/wp-content\/uploads\/2022\/06\/Tara-und-Jana-warten-vor-der-Praxis-auf-den-Ultraschall2-Juni22.jpg\"><img loading=\"lazy\" decoding=\"async\" width=\"1000\" height=\"563\" data-id=\"35412\" src=\"https:\/\/collies-vom-floersbachtal.de\/cms\/wp-content\/uploads\/2022\/06\/Tara-und-Jana-warten-vor-der-Praxis-auf-den-Ultraschall2-Juni22.jpg\" alt=\"\" class=\"wp-image-35412\" srcset=\"https:\/\/collies-vom-floersbachtal.de\/cms\/wp-content\/uploads\/2022\/06\/Tara-und-Jana-warten-vor-der-Praxis-auf-den-Ultraschall2-Juni22.jpg 1000w, https:\/\/collies-vom-floersbachtal.de\/cms\/wp-content\/uploads\/2022\/06\/Tara-und-Jana-warten-vor-der-Praxis-auf-den-Ultraschall2-Juni22-300x169.jpg 300w, https:\/\/collies-vom-floersbachtal.de\/cms\/wp-content\/uploads\/2022\/06\/Tara-und-Jana-warten-vor-der-Praxis-auf-den-Ultraschall2-Juni22-768x432.jpg 768w\" sizes=\"auto, (max-width: 1000px) 100vw, 1000px\" \/><\/a><figcaption>Oh je die n\u00e4chsten 4 Beiner und Jana will hin<\/figcaption><\/figure>\n\n\n\n<figure class=\"wp-block-image size-large\"><a href=\"https:\/\/collies-vom-floersbachtal.de\/cms\/wp-content\/uploads\/2022\/06\/Tara-und-Jana-warten-in-der-Praxis-auf-den-Ultraschall1-Juni22.jpg\"><img loading=\"lazy\" decoding=\"async\" width=\"577\" height=\"1024\" data-id=\"35413\" src=\"https:\/\/collies-vom-floersbachtal.de\/cms\/wp-content\/uploads\/2022\/06\/Tara-und-Jana-warten-in-der-Praxis-auf-den-Ultraschall1-Juni22-577x1024.jpg\" alt=\"\" class=\"wp-image-35413\" srcset=\"https:\/\/collies-vom-floersbachtal.de\/cms\/wp-content\/uploads\/2022\/06\/Tara-und-Jana-warten-in-der-Praxis-auf-den-Ultraschall1-Juni22-577x1024.jpg 577w, https:\/\/collies-vom-floersbachtal.de\/cms\/wp-content\/uploads\/2022\/06\/Tara-und-Jana-warten-in-der-Praxis-auf-den-Ultraschall1-Juni22-169x300.jpg 169w, https:\/\/collies-vom-floersbachtal.de\/cms\/wp-content\/uploads\/2022\/06\/Tara-und-Jana-warten-in-der-Praxis-auf-den-Ultraschall1-Juni22-768x1364.jpg 768w, https:\/\/collies-vom-floersbachtal.de\/cms\/wp-content\/uploads\/2022\/06\/Tara-und-Jana-warten-in-der-Praxis-auf-den-Ultraschall1-Juni22-865x1536.jpg 865w, https:\/\/collies-vom-floersbachtal.de\/cms\/wp-content\/uploads\/2022\/06\/Tara-und-Jana-warten-in-der-Praxis-auf-den-Ultraschall1-Juni22.jpg 1000w\" sizes=\"auto, (max-width: 577px) 100vw, 577px\" \/><\/a><figcaption>Frauli halt sie ja fest sie ist schon auf dem Sprung <\/figcaption><\/figure>\n<\/figure>\n","protected":false},"excerpt":{"rendered":"","protected":false},"author":1,"featured_media":0,"comment_status":"open","ping_status":"open","sticky":false,"template":"","format":"standard","meta":{"footnotes":""},"categories":[1],"tags":[],"class_list":["post-35410","post","type-post","status-publish","format-standard","hentry","category-allgemein"],"jetpack_featured_media_url":"","_links":{"self":[{"href":"https:\/\/collies-vom-floersbachtal.de\/index.php?rest_route=\/wp\/v2\/posts\/35410","targetHints":{"allow":["GET"]}}],"collection":[{"href":"https:\/\/collies-vom-floersbachtal.de\/index.php?rest_route=\/wp\/v2\/posts"}],"about":[{"href":"https:\/\/collies-vom-floersbachtal.de\/index.php?rest_route=\/wp\/v2\/types\/post"}],"author":[{"embeddable":true,"href":"https:\/\/collies-vom-floersbachtal.de\/index.php?rest_route=\/wp\/v2\/users\/1"}],"replies":[{"embeddable":true,"href":"https:\/\/collies-vom-floersbachtal.de\/index.php?rest_route=%2Fwp%2Fv2%2Fcomments&post=35410"}],"version-history":[{"count":2,"href":"https:\/\/collies-vom-floersbachtal.de\/index.php?rest_route=\/wp\/v2\/posts\/35410\/revisions"}],"predecessor-version":[{"id":35415,"href":"https:\/\/collies-vom-floersbachtal.de\/index.php?rest_route=\/wp\/v2\/posts\/35410\/revisions\/35415"}],"wp:attachment":[{"href":"https:\/\/collies-vom-floersbachtal.de\/index.php?rest_route=%2Fwp%2Fv2%2Fmedia&parent=35410"}],"wp:term":[{"taxonomy":"category","embeddable":true,"href":"https:\/\/collies-vom-floersbachtal.de\/index.php?rest_route=%2Fwp%2Fv2%2Fcategories&post=35410"},{"taxonomy":"post_tag","embeddable":true,"href":"https:\/\/collies-vom-floersbachtal.de\/index.php?rest_route=%2Fwp%2Fv2%2Ftags&post=35410"}],"curies":[{"name":"wp","href":"https:\/\/api.w.org\/{rel}","templated":true}]}}