{"id":34662,"date":"2022-02-13T11:16:39","date_gmt":"2022-02-13T11:16:39","guid":{"rendered":"https:\/\/collies-vom-floersbachtal.de\/?p=34662"},"modified":"2022-02-13T11:17:34","modified_gmt":"2022-02-13T11:17:34","slug":"der-fruehling-steht-schon-vor-der-tuer-und-wir-warten-sehnsuechtig-auf-die-laeufigkeiten-der-damen-jana-ist-ja-nun-auch-schon-8-monate-alt-und-somit-koennte-sie-auch-loslegen","status":"publish","type":"post","link":"https:\/\/collies-vom-floersbachtal.de\/?p=34662","title":{"rendered":"Der Fr\u00fchling steht schon vor der T\u00fcr und wir warten sehns\u00fcchtig auf die L\u00e4ufigkeiten der Damen. :-) Jana ist ja nun auch schon 8 Monate alt und somit k\u00f6nnte sie auch loslegen ;-)  :-)"},"content":{"rendered":"\n<h2 class=\"wp-block-heading\"><\/h2>\n\n\n\n<figure class=\"wp-block-gallery has-nested-images columns-default is-cropped wp-block-gallery-1 is-layout-flex wp-block-gallery-is-layout-flex\">\n<figure class=\"wp-block-image size-large\"><a href=\"https:\/\/collies-vom-floersbachtal.de\/cms\/wp-content\/uploads\/2022\/02\/Tara1-Feb.22.jpg\"><img loading=\"lazy\" decoding=\"async\" width=\"750\" height=\"1024\" data-id=\"34673\" src=\"https:\/\/collies-vom-floersbachtal.de\/cms\/wp-content\/uploads\/2022\/02\/Tara1-Feb.22-750x1024.jpg\" alt=\"\" class=\"wp-image-34673\" srcset=\"https:\/\/collies-vom-floersbachtal.de\/cms\/wp-content\/uploads\/2022\/02\/Tara1-Feb.22-750x1024.jpg 750w, https:\/\/collies-vom-floersbachtal.de\/cms\/wp-content\/uploads\/2022\/02\/Tara1-Feb.22-220x300.jpg 220w, https:\/\/collies-vom-floersbachtal.de\/cms\/wp-content\/uploads\/2022\/02\/Tara1-Feb.22-768x1049.jpg 768w, https:\/\/collies-vom-floersbachtal.de\/cms\/wp-content\/uploads\/2022\/02\/Tara1-Feb.22.jpg 998w\" sizes=\"auto, (max-width: 750px) 100vw, 750px\" \/><\/a><figcaption>Tara mit 27 Monaten <\/figcaption><\/figure>\n\n\n\n<figure class=\"wp-block-image size-large\"><a href=\"https:\/\/collies-vom-floersbachtal.de\/cms\/wp-content\/uploads\/2022\/02\/2Maedels1-im-Januar22.jpg\"><img loading=\"lazy\" decoding=\"async\" width=\"1000\" height=\"757\" data-id=\"34666\" src=\"https:\/\/collies-vom-floersbachtal.de\/cms\/wp-content\/uploads\/2022\/02\/2Maedels1-im-Januar22.jpg\" alt=\"\" class=\"wp-image-34666\" srcset=\"https:\/\/collies-vom-floersbachtal.de\/cms\/wp-content\/uploads\/2022\/02\/2Maedels1-im-Januar22.jpg 1000w, https:\/\/collies-vom-floersbachtal.de\/cms\/wp-content\/uploads\/2022\/02\/2Maedels1-im-Januar22-300x227.jpg 300w, https:\/\/collies-vom-floersbachtal.de\/cms\/wp-content\/uploads\/2022\/02\/2Maedels1-im-Januar22-768x581.jpg 768w\" sizes=\"auto, (max-width: 1000px) 100vw, 1000px\" \/><\/a><figcaption>hier noch die restlichen Ausl\u00e4ufer unseres Winters \ud83d\ude09<\/figcaption><\/figure>\n\n\n\n<figure class=\"wp-block-image size-large\"><a href=\"https:\/\/collies-vom-floersbachtal.de\/cms\/wp-content\/uploads\/2022\/02\/3Maedels2-im-Feb.22.jpg\"><img loading=\"lazy\" decoding=\"async\" width=\"1000\" height=\"715\" data-id=\"34672\" src=\"https:\/\/collies-vom-floersbachtal.de\/cms\/wp-content\/uploads\/2022\/02\/3Maedels2-im-Feb.22.jpg\" alt=\"\" class=\"wp-image-34672\" srcset=\"https:\/\/collies-vom-floersbachtal.de\/cms\/wp-content\/uploads\/2022\/02\/3Maedels2-im-Feb.22.jpg 1000w, https:\/\/collies-vom-floersbachtal.de\/cms\/wp-content\/uploads\/2022\/02\/3Maedels2-im-Feb.22-300x215.jpg 300w, https:\/\/collies-vom-floersbachtal.de\/cms\/wp-content\/uploads\/2022\/02\/3Maedels2-im-Feb.22-768x549.jpg 768w\" sizes=\"auto, (max-width: 1000px) 100vw, 1000px\" \/><\/a><figcaption>Ginger mag nicht mehr auf die Bank, was ja verst\u00e4ndlich ist mit 11,5 Jahren<\/figcaption><\/figure>\n\n\n\n<figure class=\"wp-block-image size-large\"><a href=\"https:\/\/collies-vom-floersbachtal.de\/cms\/wp-content\/uploads\/2022\/02\/3Maedels3-im-Feb.22.jpg\"><img loading=\"lazy\" decoding=\"async\" width=\"1000\" height=\"647\" data-id=\"34670\" src=\"https:\/\/collies-vom-floersbachtal.de\/cms\/wp-content\/uploads\/2022\/02\/3Maedels3-im-Feb.22.jpg\" alt=\"\" class=\"wp-image-34670\" srcset=\"https:\/\/collies-vom-floersbachtal.de\/cms\/wp-content\/uploads\/2022\/02\/3Maedels3-im-Feb.22.jpg 1000w, https:\/\/collies-vom-floersbachtal.de\/cms\/wp-content\/uploads\/2022\/02\/3Maedels3-im-Feb.22-300x194.jpg 300w, https:\/\/collies-vom-floersbachtal.de\/cms\/wp-content\/uploads\/2022\/02\/3Maedels3-im-Feb.22-768x497.jpg 768w\" sizes=\"auto, (max-width: 1000px) 100vw, 1000px\" \/><\/a><figcaption>So s\u00fc\u00df wie sie da sitzen Mama und T\u00f6chterchen Tara mag nicht gucken&#8230; <\/figcaption><\/figure>\n\n\n\n<figure class=\"wp-block-image size-large\"><a href=\"https:\/\/collies-vom-floersbachtal.de\/cms\/wp-content\/uploads\/2022\/02\/Ela5-zu-Besuch-Feb.22.jpg\"><img loading=\"lazy\" decoding=\"async\" width=\"1000\" height=\"410\" data-id=\"34663\" src=\"https:\/\/collies-vom-floersbachtal.de\/cms\/wp-content\/uploads\/2022\/02\/Ela5-zu-Besuch-Feb.22.jpg\" alt=\"\" class=\"wp-image-34663\" srcset=\"https:\/\/collies-vom-floersbachtal.de\/cms\/wp-content\/uploads\/2022\/02\/Ela5-zu-Besuch-Feb.22.jpg 1000w, https:\/\/collies-vom-floersbachtal.de\/cms\/wp-content\/uploads\/2022\/02\/Ela5-zu-Besuch-Feb.22-300x123.jpg 300w, https:\/\/collies-vom-floersbachtal.de\/cms\/wp-content\/uploads\/2022\/02\/Ela5-zu-Besuch-Feb.22-768x315.jpg 768w\" sizes=\"auto, (max-width: 1000px) 100vw, 1000px\" \/><\/a><figcaption>Besuch von El\u00e1, was eine Freude \ud83d\ude00<\/figcaption><\/figure>\n\n\n\n<figure class=\"wp-block-image size-large\"><a href=\"https:\/\/collies-vom-floersbachtal.de\/cms\/wp-content\/uploads\/2022\/02\/Ela7-zu-Besuch-Feb.22.jpg\"><img loading=\"lazy\" decoding=\"async\" width=\"1000\" height=\"392\" data-id=\"34665\" src=\"https:\/\/collies-vom-floersbachtal.de\/cms\/wp-content\/uploads\/2022\/02\/Ela7-zu-Besuch-Feb.22.jpg\" alt=\"\" class=\"wp-image-34665\" srcset=\"https:\/\/collies-vom-floersbachtal.de\/cms\/wp-content\/uploads\/2022\/02\/Ela7-zu-Besuch-Feb.22.jpg 1000w, https:\/\/collies-vom-floersbachtal.de\/cms\/wp-content\/uploads\/2022\/02\/Ela7-zu-Besuch-Feb.22-300x118.jpg 300w, https:\/\/collies-vom-floersbachtal.de\/cms\/wp-content\/uploads\/2022\/02\/Ela7-zu-Besuch-Feb.22-768x301.jpg 768w\" sizes=\"auto, (max-width: 1000px) 100vw, 1000px\" \/><\/a><figcaption>blo\u00df nicht so nah zusammen r\u00fccken, ihr k\u00f6nntest auf ein Bild passen :-O<\/figcaption><\/figure>\n\n\n\n<figure class=\"wp-block-image size-large\"><a href=\"https:\/\/collies-vom-floersbachtal.de\/cms\/wp-content\/uploads\/2022\/02\/Ela8-zu-Besuch-Feb.22.jpg\"><img loading=\"lazy\" decoding=\"async\" width=\"1000\" height=\"445\" data-id=\"34671\" src=\"https:\/\/collies-vom-floersbachtal.de\/cms\/wp-content\/uploads\/2022\/02\/Ela8-zu-Besuch-Feb.22.jpg\" alt=\"\" class=\"wp-image-34671\" srcset=\"https:\/\/collies-vom-floersbachtal.de\/cms\/wp-content\/uploads\/2022\/02\/Ela8-zu-Besuch-Feb.22.jpg 1000w, https:\/\/collies-vom-floersbachtal.de\/cms\/wp-content\/uploads\/2022\/02\/Ela8-zu-Besuch-Feb.22-300x134.jpg 300w, https:\/\/collies-vom-floersbachtal.de\/cms\/wp-content\/uploads\/2022\/02\/Ela8-zu-Besuch-Feb.22-768x342.jpg 768w\" sizes=\"auto, (max-width: 1000px) 100vw, 1000px\" \/><\/a><figcaption>Gegenwind!!!<\/figcaption><\/figure>\n\n\n\n<figure class=\"wp-block-image size-large\"><a href=\"https:\/\/collies-vom-floersbachtal.de\/cms\/wp-content\/uploads\/2022\/02\/Ginger-und-Jana1-Feb.22.jpg\"><img loading=\"lazy\" decoding=\"async\" width=\"700\" height=\"675\" data-id=\"34669\" src=\"https:\/\/collies-vom-floersbachtal.de\/cms\/wp-content\/uploads\/2022\/02\/Ginger-und-Jana1-Feb.22.jpg\" alt=\"\" class=\"wp-image-34669\" srcset=\"https:\/\/collies-vom-floersbachtal.de\/cms\/wp-content\/uploads\/2022\/02\/Ginger-und-Jana1-Feb.22.jpg 700w, https:\/\/collies-vom-floersbachtal.de\/cms\/wp-content\/uploads\/2022\/02\/Ginger-und-Jana1-Feb.22-300x289.jpg 300w\" sizes=\"auto, (max-width: 700px) 100vw, 700px\" \/><\/a><figcaption>Die J\u00fcngste und die \u00c4lteste \ud83d\ude1b<\/figcaption><\/figure>\n\n\n\n<figure class=\"wp-block-image size-large\"><a href=\"https:\/\/collies-vom-floersbachtal.de\/cms\/wp-content\/uploads\/2022\/02\/Ginger-Jana-und-Lia1-Feb.22.jpg\"><img loading=\"lazy\" decoding=\"async\" width=\"735\" height=\"1024\" data-id=\"34674\" src=\"https:\/\/collies-vom-floersbachtal.de\/cms\/wp-content\/uploads\/2022\/02\/Ginger-Jana-und-Lia1-Feb.22-735x1024.jpg\" alt=\"\" class=\"wp-image-34674\" srcset=\"https:\/\/collies-vom-floersbachtal.de\/cms\/wp-content\/uploads\/2022\/02\/Ginger-Jana-und-Lia1-Feb.22-735x1024.jpg 735w, https:\/\/collies-vom-floersbachtal.de\/cms\/wp-content\/uploads\/2022\/02\/Ginger-Jana-und-Lia1-Feb.22-215x300.jpg 215w, https:\/\/collies-vom-floersbachtal.de\/cms\/wp-content\/uploads\/2022\/02\/Ginger-Jana-und-Lia1-Feb.22-768x1070.jpg 768w, https:\/\/collies-vom-floersbachtal.de\/cms\/wp-content\/uploads\/2022\/02\/Ginger-Jana-und-Lia1-Feb.22.jpg 1000w\" sizes=\"auto, (max-width: 735px) 100vw, 735px\" \/><\/a><figcaption>Na Jana was wird das wenn es ferig ist?<\/figcaption><\/figure>\n\n\n\n<figure class=\"wp-block-image size-large\"><a href=\"https:\/\/collies-vom-floersbachtal.de\/cms\/wp-content\/uploads\/2022\/02\/Jana-und-Lia1-Feb.22.jpg\"><img loading=\"lazy\" decoding=\"async\" width=\"700\" height=\"607\" data-id=\"34667\" src=\"https:\/\/collies-vom-floersbachtal.de\/cms\/wp-content\/uploads\/2022\/02\/Jana-und-Lia1-Feb.22.jpg\" alt=\"\" class=\"wp-image-34667\" srcset=\"https:\/\/collies-vom-floersbachtal.de\/cms\/wp-content\/uploads\/2022\/02\/Jana-und-Lia1-Feb.22.jpg 700w, https:\/\/collies-vom-floersbachtal.de\/cms\/wp-content\/uploads\/2022\/02\/Jana-und-Lia1-Feb.22-300x260.jpg 300w\" sizes=\"auto, (max-width: 700px) 100vw, 700px\" \/><\/a><figcaption>Mama und Tochter \ud83d\ude09<\/figcaption><\/figure>\n\n\n\n<figure class=\"wp-block-image size-large\"><a href=\"https:\/\/collies-vom-floersbachtal.de\/cms\/wp-content\/uploads\/2022\/02\/Jana1-Feb.22.jpg\"><img loading=\"lazy\" decoding=\"async\" width=\"700\" height=\"706\" data-id=\"34668\" src=\"https:\/\/collies-vom-floersbachtal.de\/cms\/wp-content\/uploads\/2022\/02\/Jana1-Feb.22.jpg\" alt=\"\" class=\"wp-image-34668\" srcset=\"https:\/\/collies-vom-floersbachtal.de\/cms\/wp-content\/uploads\/2022\/02\/Jana1-Feb.22.jpg 700w, https:\/\/collies-vom-floersbachtal.de\/cms\/wp-content\/uploads\/2022\/02\/Jana1-Feb.22-297x300.jpg 297w, https:\/\/collies-vom-floersbachtal.de\/cms\/wp-content\/uploads\/2022\/02\/Jana1-Feb.22-150x150.jpg 150w\" sizes=\"auto, (max-width: 700px) 100vw, 700px\" \/><\/a><figcaption>die Maus hat sich sch\u00f6n entwickelt,<\/figcaption><\/figure>\n\n\n\n<figure class=\"wp-block-image size-large\"><a href=\"https:\/\/collies-vom-floersbachtal.de\/cms\/wp-content\/uploads\/2022\/02\/Jana2-Jan.22.jpg\"><img loading=\"lazy\" decoding=\"async\" width=\"682\" height=\"1024\" data-id=\"34676\" src=\"https:\/\/collies-vom-floersbachtal.de\/cms\/wp-content\/uploads\/2022\/02\/Jana2-Jan.22-682x1024.jpg\" alt=\"\" class=\"wp-image-34676\" srcset=\"https:\/\/collies-vom-floersbachtal.de\/cms\/wp-content\/uploads\/2022\/02\/Jana2-Jan.22-682x1024.jpg 682w, https:\/\/collies-vom-floersbachtal.de\/cms\/wp-content\/uploads\/2022\/02\/Jana2-Jan.22-200x300.jpg 200w, https:\/\/collies-vom-floersbachtal.de\/cms\/wp-content\/uploads\/2022\/02\/Jana2-Jan.22.jpg 700w\" sizes=\"auto, (max-width: 682px) 100vw, 682px\" \/><\/a><figcaption>wenn man bedenk wie klein sie war<\/figcaption><\/figure>\n\n\n\n<figure class=\"wp-block-image size-large\"><a href=\"https:\/\/collies-vom-floersbachtal.de\/cms\/wp-content\/uploads\/2022\/02\/Janaki7-Jan.22.jpg\"><img loading=\"lazy\" decoding=\"async\" width=\"700\" height=\"807\" data-id=\"34664\" src=\"https:\/\/collies-vom-floersbachtal.de\/cms\/wp-content\/uploads\/2022\/02\/Janaki7-Jan.22.jpg\" alt=\"\" class=\"wp-image-34664\" srcset=\"https:\/\/collies-vom-floersbachtal.de\/cms\/wp-content\/uploads\/2022\/02\/Janaki7-Jan.22.jpg 700w, https:\/\/collies-vom-floersbachtal.de\/cms\/wp-content\/uploads\/2022\/02\/Janaki7-Jan.22-260x300.jpg 260w\" sizes=\"auto, (max-width: 700px) 100vw, 700px\" \/><\/a><figcaption>wundersch\u00f6ne H\u00fcndin geworden<\/figcaption><\/figure>\n\n\n\n<figure class=\"wp-block-image size-large\"><a href=\"https:\/\/collies-vom-floersbachtal.de\/cms\/wp-content\/uploads\/2022\/02\/Janaki10-Jan.22.jpg\"><img loading=\"lazy\" decoding=\"async\" width=\"722\" height=\"1024\" data-id=\"34677\" src=\"https:\/\/collies-vom-floersbachtal.de\/cms\/wp-content\/uploads\/2022\/02\/Janaki10-Jan.22-722x1024.jpg\" alt=\"\" class=\"wp-image-34677\" srcset=\"https:\/\/collies-vom-floersbachtal.de\/cms\/wp-content\/uploads\/2022\/02\/Janaki10-Jan.22-722x1024.jpg 722w, https:\/\/collies-vom-floersbachtal.de\/cms\/wp-content\/uploads\/2022\/02\/Janaki10-Jan.22-211x300.jpg 211w, https:\/\/collies-vom-floersbachtal.de\/cms\/wp-content\/uploads\/2022\/02\/Janaki10-Jan.22-768x1090.jpg 768w, https:\/\/collies-vom-floersbachtal.de\/cms\/wp-content\/uploads\/2022\/02\/Janaki10-Jan.22.jpg 1000w\" sizes=\"auto, (max-width: 722px) 100vw, 722px\" \/><\/a><figcaption>Ein Blickfang \ud83d\ude42<\/figcaption><\/figure>\n\n\n\n<figure class=\"wp-block-image size-large\"><a href=\"https:\/\/collies-vom-floersbachtal.de\/cms\/wp-content\/uploads\/2022\/02\/Tara1-26-Monate.jpg\"><img loading=\"lazy\" decoding=\"async\" width=\"500\" height=\"516\" data-id=\"34675\" src=\"https:\/\/collies-vom-floersbachtal.de\/cms\/wp-content\/uploads\/2022\/02\/Tara1-26-Monate.jpg\" alt=\"\" class=\"wp-image-34675\" srcset=\"https:\/\/collies-vom-floersbachtal.de\/cms\/wp-content\/uploads\/2022\/02\/Tara1-26-Monate.jpg 500w, https:\/\/collies-vom-floersbachtal.de\/cms\/wp-content\/uploads\/2022\/02\/Tara1-26-Monate-291x300.jpg 291w\" sizes=\"auto, (max-width: 500px) 100vw, 500px\" \/><\/a><figcaption>Ebenso wie Tara \ud83d\ude42<\/figcaption><\/figure>\n<\/figure>\n","protected":false},"excerpt":{"rendered":"","protected":false},"author":1,"featured_media":0,"comment_status":"open","ping_status":"open","sticky":false,"template":"","format":"standard","meta":{"footnotes":""},"categories":[1],"tags":[],"class_list":["post-34662","post","type-post","status-publish","format-standard","hentry","category-allgemein"],"jetpack_featured_media_url":"","_links":{"self":[{"href":"https:\/\/collies-vom-floersbachtal.de\/index.php?rest_route=\/wp\/v2\/posts\/34662","targetHints":{"allow":["GET"]}}],"collection":[{"href":"https:\/\/collies-vom-floersbachtal.de\/index.php?rest_route=\/wp\/v2\/posts"}],"about":[{"href":"https:\/\/collies-vom-floersbachtal.de\/index.php?rest_route=\/wp\/v2\/types\/post"}],"author":[{"embeddable":true,"href":"https:\/\/collies-vom-floersbachtal.de\/index.php?rest_route=\/wp\/v2\/users\/1"}],"replies":[{"embeddable":true,"href":"https:\/\/collies-vom-floersbachtal.de\/index.php?rest_route=%2Fwp%2Fv2%2Fcomments&post=34662"}],"version-history":[{"count":3,"href":"https:\/\/collies-vom-floersbachtal.de\/index.php?rest_route=\/wp\/v2\/posts\/34662\/revisions"}],"predecessor-version":[{"id":34680,"href":"https:\/\/collies-vom-floersbachtal.de\/index.php?rest_route=\/wp\/v2\/posts\/34662\/revisions\/34680"}],"wp:attachment":[{"href":"https:\/\/collies-vom-floersbachtal.de\/index.php?rest_route=%2Fwp%2Fv2%2Fmedia&parent=34662"}],"wp:term":[{"taxonomy":"category","embeddable":true,"href":"https:\/\/collies-vom-floersbachtal.de\/index.php?rest_route=%2Fwp%2Fv2%2Fcategories&post=34662"},{"taxonomy":"post_tag","embeddable":true,"href":"https:\/\/collies-vom-floersbachtal.de\/index.php?rest_route=%2Fwp%2Fv2%2Ftags&post=34662"}],"curies":[{"name":"wp","href":"https:\/\/api.w.org\/{rel}","templated":true}]}}