{"id":34223,"date":"2021-11-11T10:17:05","date_gmt":"2021-11-11T10:17:05","guid":{"rendered":"https:\/\/collies-vom-floersbachtal.de\/?p=34223"},"modified":"2021-11-11T10:17:05","modified_gmt":"2021-11-11T10:17:05","slug":"happy-birthday-liebe-tara-zu-deinem-2-geburtstag-wuenschen-dir-dein-frauli-und-die-maedels-vom-floersbachtal-d-moegest-du-gesund-und-munter-hoffentlich-eine-sehr-lange-zeit-bei-uns-sein-und-uns-mit","status":"publish","type":"post","link":"https:\/\/collies-vom-floersbachtal.de\/?p=34223","title":{"rendered":"Happy Birthday liebe Tara zu deinem 2. Geburtstag w\u00fcnschen dir dein Frauli und die M\u00e4dels vom Fl\u00f6rsbachtal :-D M\u00f6gest du gesund und munter hoffentlich eine sehr lange Zeit bei uns sein und uns mit deinem lieben Wesen weiterhin eine sch\u00f6ne Zeit bescheren. :-P"},"content":{"rendered":"\n<figure class=\"wp-block-image size-full is-resized\"><a href=\"https:\/\/collies-vom-floersbachtal.de\/cms\/wp-content\/uploads\/2021\/11\/Geburtstagscollie1.jpg\"><img loading=\"lazy\" decoding=\"async\" src=\"https:\/\/collies-vom-floersbachtal.de\/cms\/wp-content\/uploads\/2021\/11\/Geburtstagscollie1.jpg\" alt=\"\" class=\"wp-image-34226\" width=\"327\" height=\"319\"\/><\/a><\/figure>\n\n\n\n<figure class=\"wp-block-gallery columns-1 is-cropped wp-block-gallery-1 is-layout-flex wp-block-gallery-is-layout-flex\"><ul class=\"blocks-gallery-grid\"><li class=\"blocks-gallery-item\"><figure><a href=\"https:\/\/collies-vom-floersbachtal.de\/cms\/wp-content\/uploads\/2021\/11\/Tara-2.-Geb.1-Nov.21.jpg\"><img loading=\"lazy\" decoding=\"async\" width=\"776\" height=\"1024\" src=\"https:\/\/collies-vom-floersbachtal.de\/cms\/wp-content\/uploads\/2021\/11\/Tara-2.-Geb.1-Nov.21-776x1024.jpg\" alt=\"\" data-id=\"34225\" data-full-url=\"https:\/\/collies-vom-floersbachtal.de\/cms\/wp-content\/uploads\/2021\/11\/Tara-2.-Geb.1-Nov.21.jpg\" data-link=\"https:\/\/collies-vom-floersbachtal.de\/?attachment_id=34225\" class=\"wp-image-34225\" srcset=\"https:\/\/collies-vom-floersbachtal.de\/cms\/wp-content\/uploads\/2021\/11\/Tara-2.-Geb.1-Nov.21-776x1024.jpg 776w, https:\/\/collies-vom-floersbachtal.de\/cms\/wp-content\/uploads\/2021\/11\/Tara-2.-Geb.1-Nov.21-227x300.jpg 227w, https:\/\/collies-vom-floersbachtal.de\/cms\/wp-content\/uploads\/2021\/11\/Tara-2.-Geb.1-Nov.21-768x1014.jpg 768w, https:\/\/collies-vom-floersbachtal.de\/cms\/wp-content\/uploads\/2021\/11\/Tara-2.-Geb.1-Nov.21.jpg 1000w\" sizes=\"auto, (max-width: 776px) 100vw, 776px\" \/><\/a><\/figure><\/li><\/ul><figcaption class=\"blocks-gallery-caption\"><strong>Lia gratuliert als 1. \ud83d\ude42<\/strong><\/figcaption><\/figure>\n\n\n\n<figure class=\"wp-block-gallery columns-3 is-cropped wp-block-gallery-2 is-layout-flex wp-block-gallery-is-layout-flex\"><ul class=\"blocks-gallery-grid\"><li class=\"blocks-gallery-item\"><figure><a href=\"https:\/\/collies-vom-floersbachtal.de\/cms\/wp-content\/uploads\/2021\/11\/2-Collies1-und-ein-stock-Nov.21.jpg\"><img loading=\"lazy\" decoding=\"async\" width=\"727\" height=\"682\" src=\"https:\/\/collies-vom-floersbachtal.de\/cms\/wp-content\/uploads\/2021\/11\/2-Collies1-und-ein-stock-Nov.21.jpg\" alt=\"\" data-id=\"34230\" data-link=\"https:\/\/collies-vom-floersbachtal.de\/?attachment_id=34230\" class=\"wp-image-34230\" srcset=\"https:\/\/collies-vom-floersbachtal.de\/cms\/wp-content\/uploads\/2021\/11\/2-Collies1-und-ein-stock-Nov.21.jpg 727w, https:\/\/collies-vom-floersbachtal.de\/cms\/wp-content\/uploads\/2021\/11\/2-Collies1-und-ein-stock-Nov.21-300x281.jpg 300w\" sizes=\"auto, (max-width: 727px) 100vw, 727px\" \/><\/a><figcaption class=\"blocks-gallery-item__caption\">St\u00f6ckchen spielen&#8230;<\/figcaption><\/figure><\/li><li class=\"blocks-gallery-item\"><figure><a href=\"https:\/\/collies-vom-floersbachtal.de\/cms\/wp-content\/uploads\/2021\/11\/3-Collies1-und-ein-Stock-Nov.21.jpg\"><img loading=\"lazy\" decoding=\"async\" width=\"700\" height=\"664\" src=\"https:\/\/collies-vom-floersbachtal.de\/cms\/wp-content\/uploads\/2021\/11\/3-Collies1-und-ein-Stock-Nov.21.jpg\" alt=\"\" data-id=\"34231\" data-link=\"https:\/\/collies-vom-floersbachtal.de\/?attachment_id=34231\" class=\"wp-image-34231\" srcset=\"https:\/\/collies-vom-floersbachtal.de\/cms\/wp-content\/uploads\/2021\/11\/3-Collies1-und-ein-Stock-Nov.21.jpg 700w, https:\/\/collies-vom-floersbachtal.de\/cms\/wp-content\/uploads\/2021\/11\/3-Collies1-und-ein-Stock-Nov.21-300x285.jpg 300w\" sizes=\"auto, (max-width: 700px) 100vw, 700px\" \/><\/a><figcaption class=\"blocks-gallery-item__caption\">ausnahmsweise, da sie sich den immer selber holen. \ud83d\ude09<\/figcaption><\/figure><\/li><li class=\"blocks-gallery-item\"><figure><a href=\"https:\/\/collies-vom-floersbachtal.de\/cms\/wp-content\/uploads\/2021\/11\/3-Collies2-in-Mosborn-Nov.21.jpg\"><img loading=\"lazy\" decoding=\"async\" width=\"700\" height=\"918\" src=\"https:\/\/collies-vom-floersbachtal.de\/cms\/wp-content\/uploads\/2021\/11\/3-Collies2-in-Mosborn-Nov.21.jpg\" alt=\"\" data-id=\"34232\" data-link=\"https:\/\/collies-vom-floersbachtal.de\/?attachment_id=34232\" class=\"wp-image-34232\" srcset=\"https:\/\/collies-vom-floersbachtal.de\/cms\/wp-content\/uploads\/2021\/11\/3-Collies2-in-Mosborn-Nov.21.jpg 700w, https:\/\/collies-vom-floersbachtal.de\/cms\/wp-content\/uploads\/2021\/11\/3-Collies2-in-Mosborn-Nov.21-229x300.jpg 229w\" sizes=\"auto, (max-width: 700px) 100vw, 700px\" \/><\/a><figcaption class=\"blocks-gallery-item__caption\">Mal wieder Mosborn unsicher machen \ud83d\ude42<\/figcaption><\/figure><\/li><li class=\"blocks-gallery-item\"><figure><a href=\"https:\/\/collies-vom-floersbachtal.de\/cms\/wp-content\/uploads\/2021\/11\/Jana-und-Lia1-Nov.21.jpg\"><img loading=\"lazy\" decoding=\"async\" width=\"1000\" height=\"1003\" src=\"https:\/\/collies-vom-floersbachtal.de\/cms\/wp-content\/uploads\/2021\/11\/Jana-und-Lia1-Nov.21.jpg\" alt=\"\" data-id=\"34233\" data-link=\"https:\/\/collies-vom-floersbachtal.de\/?attachment_id=34233\" class=\"wp-image-34233\" srcset=\"https:\/\/collies-vom-floersbachtal.de\/cms\/wp-content\/uploads\/2021\/11\/Jana-und-Lia1-Nov.21.jpg 1000w, https:\/\/collies-vom-floersbachtal.de\/cms\/wp-content\/uploads\/2021\/11\/Jana-und-Lia1-Nov.21-300x300.jpg 300w, https:\/\/collies-vom-floersbachtal.de\/cms\/wp-content\/uploads\/2021\/11\/Jana-und-Lia1-Nov.21-150x150.jpg 150w, https:\/\/collies-vom-floersbachtal.de\/cms\/wp-content\/uploads\/2021\/11\/Jana-und-Lia1-Nov.21-768x770.jpg 768w\" sizes=\"auto, (max-width: 1000px) 100vw, 1000px\" \/><\/a><figcaption class=\"blocks-gallery-item__caption\">In unserem Wald <\/figcaption><\/figure><\/li><li class=\"blocks-gallery-item\"><figure><a href=\"https:\/\/collies-vom-floersbachtal.de\/cms\/wp-content\/uploads\/2021\/11\/Jana-und-Lia2-Nov.21-501x1024.jpg\"><img loading=\"lazy\" decoding=\"async\" width=\"501\" height=\"1024\" src=\"https:\/\/collies-vom-floersbachtal.de\/cms\/wp-content\/uploads\/2021\/11\/Jana-und-Lia2-Nov.21-501x1024.jpg\" alt=\"\" data-id=\"34234\" data-link=\"https:\/\/collies-vom-floersbachtal.de\/?attachment_id=34234\" class=\"wp-image-34234\" srcset=\"https:\/\/collies-vom-floersbachtal.de\/cms\/wp-content\/uploads\/2021\/11\/Jana-und-Lia2-Nov.21-501x1024.jpg 501w, https:\/\/collies-vom-floersbachtal.de\/cms\/wp-content\/uploads\/2021\/11\/Jana-und-Lia2-Nov.21-147x300.jpg 147w, https:\/\/collies-vom-floersbachtal.de\/cms\/wp-content\/uploads\/2021\/11\/Jana-und-Lia2-Nov.21.jpg 700w\" sizes=\"auto, (max-width: 501px) 100vw, 501px\" \/><\/a><figcaption class=\"blocks-gallery-item__caption\">Mama und T\u00f6chterchen \ud83d\ude00<\/figcaption><\/figure><\/li><li class=\"blocks-gallery-item\"><figure><a href=\"https:\/\/collies-vom-floersbachtal.de\/cms\/wp-content\/uploads\/2021\/11\/Tara-2.-Geb.2-Nov.21-1.jpg\"><img loading=\"lazy\" decoding=\"async\" width=\"1000\" height=\"715\" src=\"https:\/\/collies-vom-floersbachtal.de\/cms\/wp-content\/uploads\/2021\/11\/Tara-2.-Geb.2-Nov.21-1.jpg\" alt=\"\" data-id=\"34236\" data-full-url=\"https:\/\/collies-vom-floersbachtal.de\/cms\/wp-content\/uploads\/2021\/11\/Tara-2.-Geb.2-Nov.21-1.jpg\" data-link=\"https:\/\/collies-vom-floersbachtal.de\/?attachment_id=34236\" class=\"wp-image-34236\" srcset=\"https:\/\/collies-vom-floersbachtal.de\/cms\/wp-content\/uploads\/2021\/11\/Tara-2.-Geb.2-Nov.21-1.jpg 1000w, https:\/\/collies-vom-floersbachtal.de\/cms\/wp-content\/uploads\/2021\/11\/Tara-2.-Geb.2-Nov.21-1-300x215.jpg 300w, https:\/\/collies-vom-floersbachtal.de\/cms\/wp-content\/uploads\/2021\/11\/Tara-2.-Geb.2-Nov.21-1-768x549.jpg 768w\" sizes=\"auto, (max-width: 1000px) 100vw, 1000px\" \/><\/a><figcaption class=\"blocks-gallery-item__caption\">Die Unzertrennlichen&#8230;<\/figcaption><\/figure><\/li><li class=\"blocks-gallery-item\"><figure><a href=\"https:\/\/collies-vom-floersbachtal.de\/cms\/wp-content\/uploads\/2021\/11\/Tara-und-Lia2-Nov.21.jpg\"><img loading=\"lazy\" decoding=\"async\" width=\"700\" height=\"473\" src=\"https:\/\/collies-vom-floersbachtal.de\/cms\/wp-content\/uploads\/2021\/11\/Tara-und-Lia2-Nov.21.jpg\" alt=\"\" data-id=\"34238\" data-full-url=\"https:\/\/collies-vom-floersbachtal.de\/cms\/wp-content\/uploads\/2021\/11\/Tara-und-Lia2-Nov.21.jpg\" data-link=\"https:\/\/collies-vom-floersbachtal.de\/?attachment_id=34238\" class=\"wp-image-34238\" srcset=\"https:\/\/collies-vom-floersbachtal.de\/cms\/wp-content\/uploads\/2021\/11\/Tara-und-Lia2-Nov.21.jpg 700w, https:\/\/collies-vom-floersbachtal.de\/cms\/wp-content\/uploads\/2021\/11\/Tara-und-Lia2-Nov.21-300x203.jpg 300w\" sizes=\"auto, (max-width: 700px) 100vw, 700px\" \/><\/a><\/figure><\/li><li class=\"blocks-gallery-item\"><figure><a href=\"https:\/\/collies-vom-floersbachtal.de\/cms\/wp-content\/uploads\/2021\/11\/Tara-Jana-und-Ginger1-Nov.21.jpg\"><img loading=\"lazy\" decoding=\"async\" width=\"473\" height=\"1024\" src=\"https:\/\/collies-vom-floersbachtal.de\/cms\/wp-content\/uploads\/2021\/11\/Tara-Jana-und-Ginger1-Nov.21-473x1024.jpg\" alt=\"\" data-id=\"34239\" data-full-url=\"https:\/\/collies-vom-floersbachtal.de\/cms\/wp-content\/uploads\/2021\/11\/Tara-Jana-und-Ginger1-Nov.21.jpg\" data-link=\"https:\/\/collies-vom-floersbachtal.de\/?attachment_id=34239\" class=\"wp-image-34239\" srcset=\"https:\/\/collies-vom-floersbachtal.de\/cms\/wp-content\/uploads\/2021\/11\/Tara-Jana-und-Ginger1-Nov.21-473x1024.jpg 473w, https:\/\/collies-vom-floersbachtal.de\/cms\/wp-content\/uploads\/2021\/11\/Tara-Jana-und-Ginger1-Nov.21-139x300.jpg 139w, https:\/\/collies-vom-floersbachtal.de\/cms\/wp-content\/uploads\/2021\/11\/Tara-Jana-und-Ginger1-Nov.21-768x1662.jpg 768w, https:\/\/collies-vom-floersbachtal.de\/cms\/wp-content\/uploads\/2021\/11\/Tara-Jana-und-Ginger1-Nov.21-710x1536.jpg 710w, https:\/\/collies-vom-floersbachtal.de\/cms\/wp-content\/uploads\/2021\/11\/Tara-Jana-und-Ginger1-Nov.21-946x2048.jpg 946w, https:\/\/collies-vom-floersbachtal.de\/cms\/wp-content\/uploads\/2021\/11\/Tara-Jana-und-Ginger1-Nov.21.jpg 1000w\" sizes=\"auto, (max-width: 473px) 100vw, 473px\" \/><\/a><figcaption class=\"blocks-gallery-item__caption\">im Zauberwald<\/figcaption><\/figure><\/li><li class=\"blocks-gallery-item\"><figure><a href=\"https:\/\/collies-vom-floersbachtal.de\/cms\/wp-content\/uploads\/2021\/11\/Tara-Jana-und-Ginger2-Nov.21.jpg\"><img loading=\"lazy\" decoding=\"async\" width=\"473\" height=\"1024\" src=\"https:\/\/collies-vom-floersbachtal.de\/cms\/wp-content\/uploads\/2021\/11\/Tara-Jana-und-Ginger2-Nov.21-473x1024.jpg\" alt=\"\" data-id=\"34240\" data-full-url=\"https:\/\/collies-vom-floersbachtal.de\/cms\/wp-content\/uploads\/2021\/11\/Tara-Jana-und-Ginger2-Nov.21.jpg\" data-link=\"https:\/\/collies-vom-floersbachtal.de\/?attachment_id=34240\" class=\"wp-image-34240\" srcset=\"https:\/\/collies-vom-floersbachtal.de\/cms\/wp-content\/uploads\/2021\/11\/Tara-Jana-und-Ginger2-Nov.21-473x1024.jpg 473w, https:\/\/collies-vom-floersbachtal.de\/cms\/wp-content\/uploads\/2021\/11\/Tara-Jana-und-Ginger2-Nov.21-139x300.jpg 139w, https:\/\/collies-vom-floersbachtal.de\/cms\/wp-content\/uploads\/2021\/11\/Tara-Jana-und-Ginger2-Nov.21-768x1662.jpg 768w, https:\/\/collies-vom-floersbachtal.de\/cms\/wp-content\/uploads\/2021\/11\/Tara-Jana-und-Ginger2-Nov.21-710x1536.jpg 710w, https:\/\/collies-vom-floersbachtal.de\/cms\/wp-content\/uploads\/2021\/11\/Tara-Jana-und-Ginger2-Nov.21-946x2048.jpg 946w, https:\/\/collies-vom-floersbachtal.de\/cms\/wp-content\/uploads\/2021\/11\/Tara-Jana-und-Ginger2-Nov.21.jpg 1000w\" sizes=\"auto, (max-width: 473px) 100vw, 473px\" \/><\/a><figcaption class=\"blocks-gallery-item__caption\">Tara scannt die Lage<\/figcaption><\/figure><\/li><li class=\"blocks-gallery-item\"><figure><a href=\"https:\/\/collies-vom-floersbachtal.de\/cms\/wp-content\/uploads\/2021\/11\/Tara1-Nov.21.jpg\"><img loading=\"lazy\" decoding=\"async\" width=\"700\" height=\"906\" src=\"https:\/\/collies-vom-floersbachtal.de\/cms\/wp-content\/uploads\/2021\/11\/Tara1-Nov.21.jpg\" alt=\"\" data-id=\"34241\" data-full-url=\"https:\/\/collies-vom-floersbachtal.de\/cms\/wp-content\/uploads\/2021\/11\/Tara1-Nov.21.jpg\" data-link=\"https:\/\/collies-vom-floersbachtal.de\/?attachment_id=34241\" class=\"wp-image-34241\" srcset=\"https:\/\/collies-vom-floersbachtal.de\/cms\/wp-content\/uploads\/2021\/11\/Tara1-Nov.21.jpg 700w, https:\/\/collies-vom-floersbachtal.de\/cms\/wp-content\/uploads\/2021\/11\/Tara1-Nov.21-232x300.jpg 232w\" sizes=\"auto, (max-width: 700px) 100vw, 700px\" \/><\/a><\/figure><\/li><\/ul><figcaption class=\"blocks-gallery-caption\"><strong>H\u00fcbsche junge Dame ist sie geworden. \ud83d\ude1b<\/strong><\/figcaption><\/figure>\n\n\n\n<p><\/p>\n","protected":false},"excerpt":{"rendered":"","protected":false},"author":1,"featured_media":0,"comment_status":"open","ping_status":"open","sticky":false,"template":"","format":"standard","meta":{"footnotes":""},"categories":[1],"tags":[],"class_list":["post-34223","post","type-post","status-publish","format-standard","hentry","category-allgemein"],"jetpack_featured_media_url":"","_links":{"self":[{"href":"https:\/\/collies-vom-floersbachtal.de\/index.php?rest_route=\/wp\/v2\/posts\/34223","targetHints":{"allow":["GET"]}}],"collection":[{"href":"https:\/\/collies-vom-floersbachtal.de\/index.php?rest_route=\/wp\/v2\/posts"}],"about":[{"href":"https:\/\/collies-vom-floersbachtal.de\/index.php?rest_route=\/wp\/v2\/types\/post"}],"author":[{"embeddable":true,"href":"https:\/\/collies-vom-floersbachtal.de\/index.php?rest_route=\/wp\/v2\/users\/1"}],"replies":[{"embeddable":true,"href":"https:\/\/collies-vom-floersbachtal.de\/index.php?rest_route=%2Fwp%2Fv2%2Fcomments&post=34223"}],"version-history":[{"count":1,"href":"https:\/\/collies-vom-floersbachtal.de\/index.php?rest_route=\/wp\/v2\/posts\/34223\/revisions"}],"predecessor-version":[{"id":34242,"href":"https:\/\/collies-vom-floersbachtal.de\/index.php?rest_route=\/wp\/v2\/posts\/34223\/revisions\/34242"}],"wp:attachment":[{"href":"https:\/\/collies-vom-floersbachtal.de\/index.php?rest_route=%2Fwp%2Fv2%2Fmedia&parent=34223"}],"wp:term":[{"taxonomy":"category","embeddable":true,"href":"https:\/\/collies-vom-floersbachtal.de\/index.php?rest_route=%2Fwp%2Fv2%2Fcategories&post=34223"},{"taxonomy":"post_tag","embeddable":true,"href":"https:\/\/collies-vom-floersbachtal.de\/index.php?rest_route=%2Fwp%2Fv2%2Ftags&post=34223"}],"curies":[{"name":"wp","href":"https:\/\/api.w.org\/{rel}","templated":true}]}}